{"id":10916,"date":"2017-05-30T01:02:14","date_gmt":"2017-05-30T06:02:14","guid":{"rendered":"http:\/\/elinformanteperu.com\/?p=10916"},"modified":"2017-05-30T01:02:14","modified_gmt":"2017-05-30T06:02:14","slug":"congreso-de-la-republica-y-parlamento-europeo-suscriben-declaracion-conjunta","status":"publish","type":"post","link":"https:\/\/elinformanteperu.com\/index.php\/2017\/05\/30\/congreso-de-la-republica-y-parlamento-europeo-suscriben-declaracion-conjunta\/","title":{"rendered":"Congreso de la Rep\u00fablica y Parlamento Europeo suscriben declaraci\u00f3n conjunta"},"content":{"rendered":"<p><strong><span style=\"color: #000000;\">La presidenta del Congreso, Luz Salgado Rubianes, suscribi\u00f3 con la eurodiputada Renate Weber, en representaci\u00f3n del Parlamento Europeo, una Declaraci\u00f3n Conjunta.<\/span><\/strong><\/p>\n<p><span style=\"color: #000000;\"><strong>Lima, 29 Mayo 2017, (El Informante Per\u00fa).-<\/strong> La presidenta del Congreso, Luz Salgado Rubianes, suscribi\u00f3 con la eurodiputada Renate Weber, en representaci\u00f3n del Parlamento Europeo, una Declaraci\u00f3n Conjunta para la implementaci\u00f3n del \u2018Programa Global de Apoyo a la Democracia\u2019 entre ambas instituciones.<\/span><\/p>\n<p><span style=\"color: #000000;\">El prop\u00f3sito de ese acuerdo es compartir experiencias y conocimientos del Legislativo Europeo con el Parlamento peruano, a trav\u00e9s de visitas de estudio, conferencias e intercambios.<\/span><\/p>\n<p><span style=\"color: #000000;\">En una sencilla ceremonia, Salgado Rubianes destac\u00f3 que con la Declaraci\u00f3n Conjunta se consolide la posibilidad de que el primer poder del Estado se modernice a trav\u00e9s de la capacitaci\u00f3n que alcance no solo a los legisladores sino tambi\u00e9n a los servidores parlamentarios a fin de lograr un eficaz trabajo congresal.<\/span><\/p>\n<p><span style=\"color: #000000;\">\u201cSe trata de capacitaciones para el control pol\u00edtico del Congreso, la mejora de la comunicaci\u00f3n con la ciudadan\u00eda y el fortalecimiento del trabajo de comisiones, entre otros t\u00f3picos\u201d, manifest\u00f3 la titular del Parlamento.<\/span><\/p>\n<p><span style=\"color: #000000;\">En tanto, la eurodiputada Renate Weber resalt\u00f3 que el Per\u00fa sea el \u00fanico pa\u00eds de Am\u00e9rica Latina con el que la Uni\u00f3n Europea tiene una cooperaci\u00f3n tan estrecha como la que hoy se concret\u00f3.<\/span><\/p>\n<p><span style=\"color: #000000;\">\u201cEsto confirma lo que siempre hemos dicho, que el Per\u00fa es un pa\u00eds muy importante para la Uni\u00f3n Europea\u201d, anot\u00f3 la eurodiputada.<\/span><\/p>\n<p><span style=\"color: #000000;\">Agreg\u00f3 que con el intercambio de buenas pr\u00e1cticas y de experiencias se busca fortalecer las dos instituciones, lo cual es muy importante para la ciudadan\u00eda peruana y europea, mencion\u00f3 Weber.<\/span><\/p>\n<p><span style=\"color: #000000;\">En la ceremonia de suscripci\u00f3n de la Declaraci\u00f3n Conjunta participaron los congresistas Mercedes Ar\u00e1oz (PPK), Carlos Bruce (PPK), Mauricio Mulder (CPA), Paloma Noceda (FP), Marisol Espinoza (APP) y H\u00e9ctor Becerril (FP), adem\u00e1s del oficial mayor Jos\u00e9 Cevasco, y funcionarios del Parlamento Nacional y Europeo.<\/span><\/p>\n","protected":false},"excerpt":{"rendered":"<p>La presidenta del Congreso, Luz Salgado Rubianes, suscribi\u00f3 con la eurodiputada Renate Weber, en representaci\u00f3n del Parlamento Europeo, una Declaraci\u00f3n Conjunta. Lima, 29 Mayo 2017, (El Informante Per\u00fa).- La presidenta del Congreso, Luz Salgado Rubianes, suscribi\u00f3 con la eurodiputada Renate Weber, en representaci\u00f3n del Parlamento Europeo, una Declaraci\u00f3n Conjunta para la implementaci\u00f3n del \u2018Programa Global [&hellip;]<\/p>\n","protected":false},"author":1,"featured_media":10917,"comment_status":"open","ping_status":"open","sticky":false,"template":"","format":"standard","meta":{"rop_custom_images_group":[],"rop_custom_messages_group":[],"rop_publish_now":"initial","rop_publish_now_accounts":[],"rop_publish_now_history":[],"rop_publish_now_status":"pending","footnotes":""},"categories":[5],"tags":[192,296],"class_list":["post-10916","post","type-post","status-publish","format-standard","has-post-thumbnail","hentry","category-actualidad-informativa","tag-congreso","tag-luz-salgado"],"_links":{"self":[{"href":"https:\/\/elinformanteperu.com\/index.php\/wp-json\/wp\/v2\/posts\/10916","targetHints":{"allow":["GET"]}}],"collection":[{"href":"https:\/\/elinformanteperu.com\/index.php\/wp-json\/wp\/v2\/posts"}],"about":[{"href":"https:\/\/elinformanteperu.com\/index.php\/wp-json\/wp\/v2\/types\/post"}],"author":[{"embeddable":true,"href":"https:\/\/elinformanteperu.com\/index.php\/wp-json\/wp\/v2\/users\/1"}],"replies":[{"embeddable":true,"href":"https:\/\/elinformanteperu.com\/index.php\/wp-json\/wp\/v2\/comments?post=10916"}],"version-history":[{"count":1,"href":"https:\/\/elinformanteperu.com\/index.php\/wp-json\/wp\/v2\/posts\/10916\/revisions"}],"predecessor-version":[{"id":10918,"href":"https:\/\/elinformanteperu.com\/index.php\/wp-json\/wp\/v2\/posts\/10916\/revisions\/10918"}],"wp:featuredmedia":[{"embeddable":true,"href":"https:\/\/elinformanteperu.com\/index.php\/wp-json\/wp\/v2\/media\/10917"}],"wp:attachment":[{"href":"https:\/\/elinformanteperu.com\/index.php\/wp-json\/wp\/v2\/media?parent=10916"}],"wp:term":[{"taxonomy":"category","embeddable":true,"href":"https:\/\/elinformanteperu.com\/index.php\/wp-json\/wp\/v2\/categories?post=10916"},{"taxonomy":"post_tag","embeddable":true,"href":"https:\/\/elinformanteperu.com\/index.php\/wp-json\/wp\/v2\/tags?post=10916"}],"curies":[{"name":"wp","href":"https:\/\/api.w.org\/{rel}","templated":true}]}}