{"id":10912,"date":"2017-05-30T00:53:12","date_gmt":"2017-05-30T05:53:12","guid":{"rendered":"http:\/\/elinformanteperu.com\/?p=10912"},"modified":"2017-05-30T00:53:12","modified_gmt":"2017-05-30T05:53:12","slug":"contralor-no-voy-a-renunciar-de-ninguna-manera","status":"publish","type":"post","link":"https:\/\/elinformanteperu.com\/index.php\/2017\/05\/30\/contralor-no-voy-a-renunciar-de-ninguna-manera\/","title":{"rendered":"Contralor: \u00abNo voy a renunciar de ninguna manera"},"content":{"rendered":"<p><strong><span style=\"color: #000000;\">El contralor general de la Rep\u00fablica, Edgar Alarc\u00f3n, dijo que no piensa renunciar al cargo, al asegurar que no cometi\u00f3 ninguna irregularidad.<\/span><\/strong><\/p>\n<p><span style=\"color: #000000;\"><strong>Lima, 29 Mayo 2017, (ANDINA).-<\/strong> El contralor general de la Rep\u00fablica, Edgar Alarc\u00f3n, dijo que no piensa renunciar al cargo, al asegurar que no cometi\u00f3 ninguna irregularidad en torno a una denuncia relacionada con la compra de veh\u00edculos que hizo con sus hijos en un periodo que abarc\u00f3 su cargo como vicecontralor.<\/span><\/p>\n<p><span style=\"color: #000000;\">\u00abNo voy a renunciar de ninguna manera, no voy a renunciar, yo en este caso me someto al Congreso, a las investigaciones que crean conveniente, lo tengo clar\u00edsimo, no he cometido ning\u00fan hecho irregular\u00bb, expres\u00f3 en radio Exitosa<\/span><\/p>\n<p><span style=\"color: #000000;\">Seg\u00fan indic\u00f3, no hubo nada irregular en la comunicaci\u00f3n que tuvo con el auditor de la Contralor\u00eda en torno a la denuncia que este preparaba sobre la compra de los 90 autos.<\/span><\/p>\n<p><span style=\"color: #000000;\">A su juicio, en un procedimiento de auditor\u00eda, y como parte del debido proceso, correspond\u00eda que hiciera sus descargos y ese, afirm\u00f3 fue el tema de la conversaci\u00f3n.<\/span><\/p>\n<p><span style=\"color: #000000;\">Para Edgar Alarc\u00f3n, la denuncia guarda relaci\u00f3n con la amenaza que recibi\u00f3 antes de presentar su informe sobre el proyecto del aeropuerto de Chinchero.<\/span><\/p>\n<p><span style=\"color: #000000;\">\u00abMe dijeron que me dar\u00edan donde m\u00e1s me duele si no sal\u00eda Chinchero, y donde m\u00e1s me duele es el tema familiar, mis hijos. Esto no me va a amedrentar, seguir\u00e9 firme en mi trabajo\u00bb, a\u00f1adi\u00f3.<\/span><\/p>\n<p><span style=\"color: #000000;\">El contralor refiri\u00f3 que la instituci\u00f3n que dirige no ser\u00e1 timorata y continuar\u00e1 laborando para que los recursos p\u00fablicos sean empleados con transparencia, eficacia y efectividad.<\/span><\/p>\n<p><span style=\"color: #000000;\">En adelante, dijo, el trabajo continuar\u00e1 con la revisi\u00f3n de las obras de saneamiento que se est\u00e1n ejecutando y los proyectos de las Reconstrucci\u00f3n con Cambios tras las emergencias vivi\u00f3 el pa\u00eds con motivo del incremento de las lluvias.<\/span><\/p>\n","protected":false},"excerpt":{"rendered":"<p>El contralor general de la Rep\u00fablica, Edgar Alarc\u00f3n, dijo que no piensa renunciar al cargo, al asegurar que no cometi\u00f3 ninguna irregularidad. Lima, 29 Mayo 2017, (ANDINA).- El contralor general de la Rep\u00fablica, Edgar Alarc\u00f3n, dijo que no piensa renunciar al cargo, al asegurar que no cometi\u00f3 ninguna irregularidad en torno a una denuncia relacionada [&hellip;]<\/p>\n","protected":false},"author":1,"featured_media":10476,"comment_status":"open","ping_status":"open","sticky":false,"template":"","format":"standard","meta":{"rop_custom_images_group":[],"rop_custom_messages_group":[],"rop_publish_now":"initial","rop_publish_now_accounts":[],"rop_publish_now_history":[],"rop_publish_now_status":"pending","footnotes":""},"categories":[5],"tags":[177,855],"class_list":["post-10912","post","type-post","status-publish","format-standard","has-post-thumbnail","hentry","category-actualidad-informativa","tag-contraloria","tag-edgar-alarcon"],"_links":{"self":[{"href":"https:\/\/elinformanteperu.com\/index.php\/wp-json\/wp\/v2\/posts\/10912","targetHints":{"allow":["GET"]}}],"collection":[{"href":"https:\/\/elinformanteperu.com\/index.php\/wp-json\/wp\/v2\/posts"}],"about":[{"href":"https:\/\/elinformanteperu.com\/index.php\/wp-json\/wp\/v2\/types\/post"}],"author":[{"embeddable":true,"href":"https:\/\/elinformanteperu.com\/index.php\/wp-json\/wp\/v2\/users\/1"}],"replies":[{"embeddable":true,"href":"https:\/\/elinformanteperu.com\/index.php\/wp-json\/wp\/v2\/comments?post=10912"}],"version-history":[{"count":1,"href":"https:\/\/elinformanteperu.com\/index.php\/wp-json\/wp\/v2\/posts\/10912\/revisions"}],"predecessor-version":[{"id":10913,"href":"https:\/\/elinformanteperu.com\/index.php\/wp-json\/wp\/v2\/posts\/10912\/revisions\/10913"}],"wp:featuredmedia":[{"embeddable":true,"href":"https:\/\/elinformanteperu.com\/index.php\/wp-json\/wp\/v2\/media\/10476"}],"wp:attachment":[{"href":"https:\/\/elinformanteperu.com\/index.php\/wp-json\/wp\/v2\/media?parent=10912"}],"wp:term":[{"taxonomy":"category","embeddable":true,"href":"https:\/\/elinformanteperu.com\/index.php\/wp-json\/wp\/v2\/categories?post=10912"},{"taxonomy":"post_tag","embeddable":true,"href":"https:\/\/elinformanteperu.com\/index.php\/wp-json\/wp\/v2\/tags?post=10912"}],"curies":[{"name":"wp","href":"https:\/\/api.w.org\/{rel}","templated":true}]}}