{"id":10904,"date":"2017-05-30T00:29:03","date_gmt":"2017-05-30T05:29:03","guid":{"rendered":"http:\/\/elinformanteperu.com\/?p=10904"},"modified":"2017-05-30T00:29:03","modified_gmt":"2017-05-30T05:29:03","slug":"limenos-degustaran-papa-rellena-de-60-metros-de-largo","status":"publish","type":"post","link":"https:\/\/elinformanteperu.com\/index.php\/2017\/05\/30\/limenos-degustaran-papa-rellena-de-60-metros-de-largo\/","title":{"rendered":"Lime\u00f1os degustar\u00e1n papa rellena de 60 metros de largo"},"content":{"rendered":"<p><strong><span style=\"color: #000000;\">Madres de Lima Metropolitana preparar\u00e1n este martes 30 la \u00abpapa rellena m\u00e1s larga del mundo\u00bb como parte de las celebraciones por el D\u00eda Internacional de la Papa.<\/span><\/strong><\/p>\n<p><span style=\"color: #000000;\"><strong>Lima, 29 Mayo 2017, (ANDINA).-<\/strong> Madres de Lima Metropolitana preparar\u00e1n este martes 30 la \u00abpapa rellena m\u00e1s larga del mundo\u00bb como parte de las celebraciones por el D\u00eda Internacional de la Papa.<\/span><\/p>\n<p><span style=\"color: #000000;\">La preparaci\u00f3n tendr\u00e1 60 metros de longitud y estar\u00e1 rellena con at\u00fan, carne, anchoveta, pollo, sangrecita, entre otros. Adem\u00e1s, las participantes har\u00e1n una torre de causa, pisco sour de papa, souffl\u00e9 de papa, entre otros platos novedosos para que la poblaci\u00f3n pueda degustar.<\/span><\/p>\n<p><span style=\"color: #000000;\">El evento, denominado Festipapa 2017, es organizado por el Programa de Alimentaci\u00f3n y Nutrici\u00f3n y se desarrollar\u00e1 al mediod\u00eda en el pasaje Santa Rosa, en el Centro Hist\u00f3rico de Lima.<\/span><\/p>\n<p><span style=\"color: #000000;\">Estar\u00e1n mujeres de las organizaciones sociales de base, comedores, clubes de madres, vaso de leche, as\u00ed como amas de casa que mostrar\u00e1n su creatividad en el preparado de este plato.<\/span><\/p>\n<p><span style=\"color: #000000;\">Como parte del programa, se incluir\u00e1 una muestra de danzas t\u00edpicas y m\u00fasica en vivo a cargo de \u201cL\u00e9rida\u201d de Yo Soy. Tambi\u00e9n se contar\u00e1 con un jurado calificador que elegir\u00e1 al plato m\u00e1s creativa y sabroso.<\/span><\/p>\n<p><span style=\"color: #000000;\">El programa PAN ha obtenido varios m\u00e9ritos en el a\u00f1o 2008 ganando las Buenas Practicas Gubernamentales, quedando dos veces finalistas en el Concurso Creatividad Empresarial.<\/span><\/p>\n","protected":false},"excerpt":{"rendered":"<p>Madres de Lima Metropolitana preparar\u00e1n este martes 30 la \u00abpapa rellena m\u00e1s larga del mundo\u00bb como parte de las celebraciones por el D\u00eda Internacional de la Papa. Lima, 29 Mayo 2017, (ANDINA).- Madres de Lima Metropolitana preparar\u00e1n este martes 30 la \u00abpapa rellena m\u00e1s larga del mundo\u00bb como parte de las celebraciones por el D\u00eda [&hellip;]<\/p>\n","protected":false},"author":1,"featured_media":10905,"comment_status":"open","ping_status":"open","sticky":false,"template":"","format":"standard","meta":{"rop_custom_images_group":[],"rop_custom_messages_group":[],"rop_publish_now":"initial","rop_publish_now_accounts":[],"rop_publish_now_history":[],"rop_publish_now_status":"pending","footnotes":""},"categories":[10],"tags":[1665,122],"class_list":["post-10904","post","type-post","status-publish","format-standard","has-post-thumbnail","hentry","category-actualidad-municipal","tag-la-papa","tag-municipalidad-de-lima"],"_links":{"self":[{"href":"https:\/\/elinformanteperu.com\/index.php\/wp-json\/wp\/v2\/posts\/10904","targetHints":{"allow":["GET"]}}],"collection":[{"href":"https:\/\/elinformanteperu.com\/index.php\/wp-json\/wp\/v2\/posts"}],"about":[{"href":"https:\/\/elinformanteperu.com\/index.php\/wp-json\/wp\/v2\/types\/post"}],"author":[{"embeddable":true,"href":"https:\/\/elinformanteperu.com\/index.php\/wp-json\/wp\/v2\/users\/1"}],"replies":[{"embeddable":true,"href":"https:\/\/elinformanteperu.com\/index.php\/wp-json\/wp\/v2\/comments?post=10904"}],"version-history":[{"count":1,"href":"https:\/\/elinformanteperu.com\/index.php\/wp-json\/wp\/v2\/posts\/10904\/revisions"}],"predecessor-version":[{"id":10906,"href":"https:\/\/elinformanteperu.com\/index.php\/wp-json\/wp\/v2\/posts\/10904\/revisions\/10906"}],"wp:featuredmedia":[{"embeddable":true,"href":"https:\/\/elinformanteperu.com\/index.php\/wp-json\/wp\/v2\/media\/10905"}],"wp:attachment":[{"href":"https:\/\/elinformanteperu.com\/index.php\/wp-json\/wp\/v2\/media?parent=10904"}],"wp:term":[{"taxonomy":"category","embeddable":true,"href":"https:\/\/elinformanteperu.com\/index.php\/wp-json\/wp\/v2\/categories?post=10904"},{"taxonomy":"post_tag","embeddable":true,"href":"https:\/\/elinformanteperu.com\/index.php\/wp-json\/wp\/v2\/tags?post=10904"}],"curies":[{"name":"wp","href":"https:\/\/api.w.org\/{rel}","templated":true}]}}