{"id":1090,"date":"2016-11-15T00:43:53","date_gmt":"2016-11-15T05:43:53","guid":{"rendered":"http:\/\/elinformanteperu.com\/?p=1090"},"modified":"2016-11-15T00:43:53","modified_gmt":"2016-11-15T05:43:53","slug":"canciller-cumbre-apec-definira-perspectivas-de-la-region-mas-dinamica-del-mundo","status":"publish","type":"post","link":"https:\/\/elinformanteperu.com\/index.php\/2016\/11\/15\/canciller-cumbre-apec-definira-perspectivas-de-la-region-mas-dinamica-del-mundo\/","title":{"rendered":"Canciller: Cumbre APEC definir\u00e1 perspectivas de la regi\u00f3n m\u00e1s din\u00e1mica del mundo"},"content":{"rendered":"<p style=\"text-align: justify;\"><strong>Canciller Ricardo Luna destac\u00f3 la fluida coordinaci\u00f3n entre los ministerios de Relaciones Exteriores, Comercio Exterior y Turismo, y la comisi\u00f3n extraordinaria de la Reuni\u00f3n Anual del APEC.<\/strong><\/p>\n<p style=\"text-align: justify;\"><strong>Lima, 14 Noviembre 2016, (ANDINA).-<\/strong> La Cumbre de L\u00edderes del Foro de Cooperaci\u00f3n Econ\u00f3mica Asia-Pac\u00edfico (APEC), a efectuarse en Lima, busca definir las perspectivas de la regi\u00f3n m\u00e1s din\u00e1mica del mundo, compuesta por 21 Econom\u00edas, asever\u00f3 el canciller Ricardo Luna.<\/p>\n<p style=\"text-align: justify;\">\u201cLo que se busca en APEC es definir las perspectivas de la regi\u00f3n m\u00e1s din\u00e1mica del mundo, el Asia Pac\u00edfico, la influencia que tiene no solo en comercio, sino la posibilidad de redireccionar y redise\u00f1ar un tipo de intercambio de inversiones en el planeta\u201d, manifest\u00f3.<\/p>\n<p style=\"text-align: justify;\">El canciller peruano destac\u00f3 la fluida coordinaci\u00f3n entre los ministerios de Relaciones Exteriores, Comercio Exterior y Turismo, y la comisi\u00f3n extraordinaria de la Reuni\u00f3n Anual del APEC, presidida por la segunda vicepresidenta del Per\u00fa, Mercedes Ar\u00e1oz.<\/p>\n<p style=\"text-align: justify;\">Dijo que funcionarios de las 21 Econom\u00edas del mundo han sostenido reuniones en varias regiones del pa\u00eds con la finalidad de ir trabajando los documentos que ser\u00e1n aprobados por los presidentes en la Reuni\u00f3n de L\u00edderes.<\/p>\n<p style=\"text-align: justify;\">Como muestra de la importancia del evento, el canciller subray\u00f3 que durante el foro tendr\u00e1n lugar una serie de encuentros con funcionarios de alto nivel, gobernantes, l\u00edderes y grupos empresariales.<\/p>\n<p style=\"text-align: justify;\">En ese marco, cit\u00f3 la llegada de los l\u00edderes de Estados Unidos, Rep\u00fablica Popular China, Jap\u00f3n y Rusia, as\u00ed como de Econom\u00edas latinoamericanas como Chile, M\u00e9xico y Colombia.<\/p>\n<p style=\"text-align: justify;\">Subray\u00f3, por su importancia para la relaci\u00f3n bilateral con el Per\u00fa las visitas oficiales que realizar\u00e1n al Per\u00fa el primer ministro del Jap\u00f3n, Shinzo Abe; y el presidente chino, Xi Jinping, en el marco del foro APEC.<\/p>\n<p style=\"text-align: justify;\">Por ejemplo, respecto a la llegada del gobernando chino, Luna destac\u00f3 dijo que es muy significativa \u201cporque culminar\u00eda el proceso de relanzamiento de la relaci\u00f3n con ese pa\u00eds, iniciada con el primer viaje del presidente Kuczynski al pa\u00eds asi\u00e1tico\u201d.<\/p>\n","protected":false},"excerpt":{"rendered":"<p>Canciller Ricardo Luna destac\u00f3 la fluida coordinaci\u00f3n entre los ministerios de Relaciones Exteriores, Comercio Exterior y Turismo, y la comisi\u00f3n extraordinaria de la Reuni\u00f3n Anual del APEC. Lima, 14 Noviembre 2016, (ANDINA).- La Cumbre de L\u00edderes del Foro de Cooperaci\u00f3n Econ\u00f3mica Asia-Pac\u00edfico (APEC), a efectuarse en Lima, busca definir las perspectivas de la regi\u00f3n m\u00e1s [&hellip;]<\/p>\n","protected":false},"author":1,"featured_media":1007,"comment_status":"open","ping_status":"open","sticky":false,"template":"","format":"standard","meta":{"rop_custom_images_group":[],"rop_custom_messages_group":[],"rop_publish_now":"initial","rop_publish_now_accounts":[],"rop_publish_now_history":[],"rop_publish_now_status":"pending","footnotes":""},"categories":[5],"tags":[80],"class_list":["post-1090","post","type-post","status-publish","format-standard","has-post-thumbnail","hentry","category-actualidad-informativa","tag-apec"],"_links":{"self":[{"href":"https:\/\/elinformanteperu.com\/index.php\/wp-json\/wp\/v2\/posts\/1090","targetHints":{"allow":["GET"]}}],"collection":[{"href":"https:\/\/elinformanteperu.com\/index.php\/wp-json\/wp\/v2\/posts"}],"about":[{"href":"https:\/\/elinformanteperu.com\/index.php\/wp-json\/wp\/v2\/types\/post"}],"author":[{"embeddable":true,"href":"https:\/\/elinformanteperu.com\/index.php\/wp-json\/wp\/v2\/users\/1"}],"replies":[{"embeddable":true,"href":"https:\/\/elinformanteperu.com\/index.php\/wp-json\/wp\/v2\/comments?post=1090"}],"version-history":[{"count":1,"href":"https:\/\/elinformanteperu.com\/index.php\/wp-json\/wp\/v2\/posts\/1090\/revisions"}],"predecessor-version":[{"id":1091,"href":"https:\/\/elinformanteperu.com\/index.php\/wp-json\/wp\/v2\/posts\/1090\/revisions\/1091"}],"wp:featuredmedia":[{"embeddable":true,"href":"https:\/\/elinformanteperu.com\/index.php\/wp-json\/wp\/v2\/media\/1007"}],"wp:attachment":[{"href":"https:\/\/elinformanteperu.com\/index.php\/wp-json\/wp\/v2\/media?parent=1090"}],"wp:term":[{"taxonomy":"category","embeddable":true,"href":"https:\/\/elinformanteperu.com\/index.php\/wp-json\/wp\/v2\/categories?post=1090"},{"taxonomy":"post_tag","embeddable":true,"href":"https:\/\/elinformanteperu.com\/index.php\/wp-json\/wp\/v2\/tags?post=1090"}],"curies":[{"name":"wp","href":"https:\/\/api.w.org\/{rel}","templated":true}]}}