{"id":10850,"date":"2017-05-28T23:26:17","date_gmt":"2017-05-29T04:26:17","guid":{"rendered":"http:\/\/elinformanteperu.com\/?p=10850"},"modified":"2017-05-28T23:26:17","modified_gmt":"2017-05-29T04:26:17","slug":"toledo-dice-que-denunciara-a-barata-por-u-200-mills-por-acusarlo-en-caso-odebrecht","status":"publish","type":"post","link":"https:\/\/elinformanteperu.com\/index.php\/2017\/05\/28\/toledo-dice-que-denunciara-a-barata-por-u-200-mills-por-acusarlo-en-caso-odebrecht\/","title":{"rendered":"Toledo dice que denunciar\u00e1 a Barata por U$ 200 mills. por acusarlo en caso Odebrecht"},"content":{"rendered":"<p><span style=\"color: #000000;\"><strong>El expresidente Alejandro Toledo dijo que denunciar\u00e1 por 200 millones de d\u00f3lares al exrepresentante de Odebrecht en el Per\u00fa, Jorge Barata.<\/strong><\/span><\/p>\n<p><span style=\"color: #000000;\"><strong>Lima, 28 Mayo 2017, (ANDINA).-<\/strong> El expresidente Alejandro Toledo dijo que denunciar\u00e1 por 200 millones de d\u00f3lares al exrepresentante de Odebrecht en el Per\u00fa, Jorge Barata, quien asegura que le entreg\u00f3 una coima a cambio de ser favorecido con la licitaci\u00f3n de la carretera Interoce\u00e1nica.<\/span><\/p>\n<p><span style=\"color: #000000;\">En declaraciones a la agencia EFE, Toledo insiste en que Barata, acogido a la colaboraci\u00f3n eficaz en su pa\u00eds, lo acusa de haberle dado 20 millones de d\u00f3lares para reducir los a\u00f1os de condena.<\/span><\/p>\n<p><span style=\"color: #000000;\">\u201c\u00a1No lo permito! Y quiero ser enf\u00e1tico en decirle que: \u00a1Nunca en mi vida! El se\u00f1or Barata lo va a tener que pagar muy caro, porque lo voy a enjuiciar por 200 millones de d\u00f3lares. Si logramos tener \u00e9xito, 100 millones de d\u00f3lares ir\u00e1n para la capacitaci\u00f3n de los profesores de las zonas rurales del Per\u00fa y otros 100 a becas para los hijos de las zonas rurales\u201d, sostuvo.<\/span><\/p>\n<p><span style=\"color: #000000;\">Precis\u00f3 que la carretera Interoce\u00e1nica se hizo porque el Congreso lo declar\u00f3 de inter\u00e9s nacional y su gesti\u00f3n solo pudo inaugurar el puente As\u00eds e Inambari. No ejecut\u00f3 la obra que tuvo un costo original 850 millones de d\u00f3lares, pero termin\u00f3 costando 4,500 millones con adendas.<\/span><\/p>\n<p><span style=\"color: #000000;\">Atribuy\u00f3 la denuncia en su contra a una \u201crevancha pol\u00edtica\u201d de Alan Garc\u00eda y los l\u00edderes del fujimorismo. Alberto Fujimori, asegura, no le \u201cperdona haber organizado\u201d la marcha de los Cuatro Suyos para sacarlo del poder y Keiko Fujimori haber respaldado a Ollanta Humala y Pedro Pablo Kuczynski en las ultimas elecciones.<\/span><\/p>\n<p><span style=\"color: #000000;\">Toledo jur\u00f3 por la memoria de su madre que nunca recibi\u00f3 un soborno y pidi\u00f3 que Barata le diga, en Lima, o Estados Unidos, c\u00f3mo y en qu\u00e9 cuenta le entreg\u00f3 20 millones de d\u00f3lares por la Interoce\u00e1nica.<\/span><\/p>\n<p><span style=\"color: #000000;\">Indic\u00f3 que a ra\u00edz de las acusaciones est\u00e1 atravesando momentos muy dif\u00edciles porque recib\u00eda ingresos de sus conferencias por el mundo y de ser miembro de directorios de empresas en la China y en Europa.<\/span><\/p>\n<p><span style=\"color: #000000;\">La mayor riqueza que tiene junto a su esposa, seg\u00fan dijo, es su \u201ccredibilidad internacional como acad\u00e9mico\u201d.<\/span><\/p>\n<p><span style=\"color: #000000;\">Asegur\u00f3 que para volver al pa\u00eds debe haber un juez natural que lo procese y garant\u00edas en sus derechos fundamentales. \u201cSoy un indio gitano que trota por el mundo\u201d, indic\u00f3.<\/span><\/p>\n<p><span style=\"color: #000000;\">Toledo enfrenta dos investigaciones: una por la compra de inmuebles y el pago de sus hipotecas con recursos de la empresa Ecoteva, cuya titular era su suegra, Eva Fernenbung, y por una presunta coima de Odebrecht por la Carretera Interoce\u00e1nica.<\/span><\/p>\n","protected":false},"excerpt":{"rendered":"<p>El expresidente Alejandro Toledo dijo que denunciar\u00e1 por 200 millones de d\u00f3lares al exrepresentante de Odebrecht en el Per\u00fa, Jorge Barata. Lima, 28 Mayo 2017, (ANDINA).- El expresidente Alejandro Toledo dijo que denunciar\u00e1 por 200 millones de d\u00f3lares al exrepresentante de Odebrecht en el Per\u00fa, Jorge Barata, quien asegura que le entreg\u00f3 una coima a [&hellip;]<\/p>\n","protected":false},"author":1,"featured_media":10851,"comment_status":"open","ping_status":"open","sticky":false,"template":"","format":"standard","meta":{"rop_custom_images_group":[],"rop_custom_messages_group":[],"rop_publish_now":"initial","rop_publish_now_accounts":[],"rop_publish_now_history":[],"rop_publish_now_status":"pending","footnotes":""},"categories":[5],"tags":[208,619],"class_list":["post-10850","post","type-post","status-publish","format-standard","has-post-thumbnail","hentry","category-actualidad-informativa","tag-alejandro-toledo","tag-odebrecht"],"_links":{"self":[{"href":"https:\/\/elinformanteperu.com\/index.php\/wp-json\/wp\/v2\/posts\/10850","targetHints":{"allow":["GET"]}}],"collection":[{"href":"https:\/\/elinformanteperu.com\/index.php\/wp-json\/wp\/v2\/posts"}],"about":[{"href":"https:\/\/elinformanteperu.com\/index.php\/wp-json\/wp\/v2\/types\/post"}],"author":[{"embeddable":true,"href":"https:\/\/elinformanteperu.com\/index.php\/wp-json\/wp\/v2\/users\/1"}],"replies":[{"embeddable":true,"href":"https:\/\/elinformanteperu.com\/index.php\/wp-json\/wp\/v2\/comments?post=10850"}],"version-history":[{"count":1,"href":"https:\/\/elinformanteperu.com\/index.php\/wp-json\/wp\/v2\/posts\/10850\/revisions"}],"predecessor-version":[{"id":10852,"href":"https:\/\/elinformanteperu.com\/index.php\/wp-json\/wp\/v2\/posts\/10850\/revisions\/10852"}],"wp:featuredmedia":[{"embeddable":true,"href":"https:\/\/elinformanteperu.com\/index.php\/wp-json\/wp\/v2\/media\/10851"}],"wp:attachment":[{"href":"https:\/\/elinformanteperu.com\/index.php\/wp-json\/wp\/v2\/media?parent=10850"}],"wp:term":[{"taxonomy":"category","embeddable":true,"href":"https:\/\/elinformanteperu.com\/index.php\/wp-json\/wp\/v2\/categories?post=10850"},{"taxonomy":"post_tag","embeddable":true,"href":"https:\/\/elinformanteperu.com\/index.php\/wp-json\/wp\/v2\/tags?post=10850"}],"curies":[{"name":"wp","href":"https:\/\/api.w.org\/{rel}","templated":true}]}}