{"id":108374,"date":"2021-11-23T21:18:51","date_gmt":"2021-11-24T02:18:51","guid":{"rendered":"https:\/\/elinformanteperu.com\/?p=108374"},"modified":"2021-11-23T21:18:51","modified_gmt":"2021-11-24T02:18:51","slug":"copa-libertadores-tribuna-de-flamengo-en-el-centenario-casi-agotada-para-final","status":"publish","type":"post","link":"https:\/\/elinformanteperu.com\/index.php\/2021\/11\/23\/copa-libertadores-tribuna-de-flamengo-en-el-centenario-casi-agotada-para-final\/","title":{"rendered":"Copa Libertadores: Tribuna de Flamengo en el Centenario casi agotada para final"},"content":{"rendered":"<p><strong><span style=\"color: #000000;\">Partido por el t\u00edtulo entre Flamengo y Palmeiras se disputar\u00e1 el s\u00e1bado 27 de noviembre, a las 15:00 horas.<\/span><\/strong><\/p>\n<p><span style=\"color: #000000;\"><strong>Montevideo, 23 Noviembre 2021, (ANDINA).-<\/strong> La tribuna del estadio Centenario de Montevideo reservada para los hinchas de Flamengo en la final \u00fanica de la Copa Libertadores 2021 del s\u00e1bado pr\u00f3ximo est\u00e1 pr\u00e1cticamente agotada, dijeron este martes autoridades uruguayas, en tanto para la de Palmeiras ya se han vendido m\u00e1s de la mitad de las entradas.<\/span><\/p>\n<p><span style=\"color: #000000;\">\u00abEl 95% de la (tribuna) Colombes ya se vendi\u00f3, y m\u00e1s de la mitad de la \u00c1msterdam\u00bb, afirm\u00f3 este martes el ministro del Interior, Luis Alberto Heber, en una conferencia de prensa para dar a conocer el operativo de seguridad en torno al partido definitorio del torneo de clubes m\u00e1s importante de Sudam\u00e9rica.<\/span><\/p>\n<p><span style=\"color: #000000;\">Cada una tiene un aforo aproximado de 14.000 personas.<\/span><\/p>\n<p><span style=\"color: #000000;\">No obstante, el jefe del Estado Mayor de la Polic\u00eda, Richard Cabral, aclar\u00f3 que a\u00fan hay disponibilidad en entradas. \u00abEl que llegue (sin ticket) podr\u00e1 comprar\u00bb.<\/span><\/p>\n<p><span style=\"color: #000000;\">El ministro asegur\u00f3 que el fin de semana pasado -cuando se jugaron en la capital uruguaya las finales de la Copa Sudamericana y de la Libertadores femenina- fue un buen calentamiento de motores para lo que se espera el s\u00e1bado pr\u00f3ximo, aunque a una escala mucho menor.<\/span><\/p>\n<p><span style=\"color: #000000;\">\u00abHemos sacado una muy buena experiencia de los partidos de este fin de semana, claro est\u00e1, con un p\u00fablico muy menguado (&#8230;) Pero sirvieron para testear, ver, corregir sobre todo en una instancia de la final de la Copa Libertadores, que es de otra envergadura\u00bb.<\/span><\/p>\n<p><span style=\"color: #000000;\">Las autoridades esperan alrededor de 60.000 visitantes, mayormente brasile\u00f1os, con motivo del esperado partido entre Flamengo y Palmeiras.<\/span><\/p>\n<p><span style=\"color: #000000;\">Para ilustrar lo que implica ese arribo, Heber afirm\u00f3 que el aeropuerto de Carrasco, que sirve a Montevideo, \u00abest\u00e1 lleno\u00bb. \u00abHoy ya no hay m\u00e1s lugar para que desciendan charters. El \u00fanico lugar donde se puede descender en avi\u00f3n es en Punta del Este por ahora\u00bb (a unos 120 km de Montevideo), asever\u00f3.<\/span><\/p>\n<p><span style=\"color: #000000;\">El ministerio del Interior desplegar\u00e1 alrededor de 4.000 efectivos policiales en todo el pa\u00eds, quienes actuar\u00e1n junto a Migraciones para reforzar todos los puntos de la frontera.<\/span><\/p>\n<blockquote class=\"twitter-tweet\">\n<p dir=\"ltr\" lang=\"es\">\ud83c\udde7\ud83c\uddf7\ud83c\udd9a\ud83c\udde7\ud83c\uddf7 \u00a1Los promedios de los finalistas de la CONMEBOL <a href=\"https:\/\/twitter.com\/hashtag\/Libertadores?src=hash&amp;ref_src=twsrc%5Etfw\">#Libertadores<\/a> 2\u20e30\u20e32\u20e31\u20e3! \ud83d\udc4c<\/p>\n<p>\ud83d\udcc8\ud83c\udfc6 <a href=\"https:\/\/twitter.com\/Palmeiras?ref_src=twsrc%5Etfw\">@Palmeiras<\/a> y <a href=\"https:\/\/twitter.com\/Flamengo?ref_src=twsrc%5Etfw\">@Flamengo<\/a> se enfrentar\u00e1n en la Final \u00danica, en el estadio Centenario. Estas son sus estad\u00edsticas <a href=\"https:\/\/twitter.com\/betfair_col?ref_src=twsrc%5Etfw\">@betfair_col<\/a>.<\/p>\n<p>\ud83e\udd14 \u00bfQui\u00e9n se quedar\u00e1 con la <a href=\"https:\/\/twitter.com\/hashtag\/GloriaEterna?src=hash&amp;ref_src=twsrc%5Etfw\">#GloriaEterna<\/a>? <a href=\"https:\/\/t.co\/KDQtkoEoDX\">pic.twitter.com\/KDQtkoEoDX<\/a><\/p>\n<p>\u2014 CONMEBOL Libertadores (@Libertadores) <a href=\"https:\/\/twitter.com\/Libertadores\/status\/1462858426078298113?ref_src=twsrc%5Etfw\">November 22, 2021<\/a><\/p><\/blockquote>\n<p><script async src=\"https:\/\/platform.twitter.com\/widgets.js\" charset=\"utf-8\"><\/script><\/p>\n","protected":false},"excerpt":{"rendered":"<p>Partido por el t\u00edtulo entre Flamengo y Palmeiras se disputar\u00e1 el s\u00e1bado 27 de noviembre, a las 15:00 horas. Montevideo, 23 Noviembre 2021, (ANDINA).- La tribuna del estadio Centenario de Montevideo reservada para los hinchas de Flamengo en la final \u00fanica de la Copa Libertadores 2021 del s\u00e1bado pr\u00f3ximo est\u00e1 pr\u00e1cticamente agotada, dijeron este martes [&hellip;]<\/p>\n","protected":false},"author":1,"featured_media":108375,"comment_status":"closed","ping_status":"closed","sticky":false,"template":"","format":"standard","meta":{"rop_custom_images_group":[],"rop_custom_messages_group":[],"rop_publish_now":"initial","rop_publish_now_accounts":[],"rop_publish_now_history":[],"rop_publish_now_status":"pending","footnotes":""},"categories":[8],"tags":[6258,227,1522],"class_list":["post-108374","post","type-post","status-publish","format-standard","has-post-thumbnail","hentry","category-disciplinas-deportivas","tag-copa-libertadores-2021","tag-flamengo","tag-palmeiras"],"_links":{"self":[{"href":"https:\/\/elinformanteperu.com\/index.php\/wp-json\/wp\/v2\/posts\/108374","targetHints":{"allow":["GET"]}}],"collection":[{"href":"https:\/\/elinformanteperu.com\/index.php\/wp-json\/wp\/v2\/posts"}],"about":[{"href":"https:\/\/elinformanteperu.com\/index.php\/wp-json\/wp\/v2\/types\/post"}],"author":[{"embeddable":true,"href":"https:\/\/elinformanteperu.com\/index.php\/wp-json\/wp\/v2\/users\/1"}],"replies":[{"embeddable":true,"href":"https:\/\/elinformanteperu.com\/index.php\/wp-json\/wp\/v2\/comments?post=108374"}],"version-history":[{"count":1,"href":"https:\/\/elinformanteperu.com\/index.php\/wp-json\/wp\/v2\/posts\/108374\/revisions"}],"predecessor-version":[{"id":108376,"href":"https:\/\/elinformanteperu.com\/index.php\/wp-json\/wp\/v2\/posts\/108374\/revisions\/108376"}],"wp:featuredmedia":[{"embeddable":true,"href":"https:\/\/elinformanteperu.com\/index.php\/wp-json\/wp\/v2\/media\/108375"}],"wp:attachment":[{"href":"https:\/\/elinformanteperu.com\/index.php\/wp-json\/wp\/v2\/media?parent=108374"}],"wp:term":[{"taxonomy":"category","embeddable":true,"href":"https:\/\/elinformanteperu.com\/index.php\/wp-json\/wp\/v2\/categories?post=108374"},{"taxonomy":"post_tag","embeddable":true,"href":"https:\/\/elinformanteperu.com\/index.php\/wp-json\/wp\/v2\/tags?post=108374"}],"curies":[{"name":"wp","href":"https:\/\/api.w.org\/{rel}","templated":true}]}}