{"id":108153,"date":"2021-11-18T20:33:31","date_gmt":"2021-11-19T01:33:31","guid":{"rendered":"https:\/\/elinformanteperu.com\/?p=108153"},"modified":"2021-11-18T20:33:31","modified_gmt":"2021-11-19T01:33:31","slug":"eternals-revive-en-fotos-la-funcion-pre-estreno-de-la-pelicula-en-lima","status":"publish","type":"post","link":"https:\/\/elinformanteperu.com\/index.php\/2021\/11\/18\/eternals-revive-en-fotos-la-funcion-pre-estreno-de-la-pelicula-en-lima\/","title":{"rendered":"\u00abEternals\u00bb: revive en fotos la Funci\u00f3n Pre Estreno de la pel\u00edcula en Lima"},"content":{"rendered":"<p><span style=\"color: #000000;\"><strong>Lima, 18 Noviembre 2021, (El Informante Per\u00fa).- <\/strong>La noche del mi\u00e9rcoles 3 de noviembre se llev\u00f3 a cabo la Funci\u00f3n Pre Estreno de la pel\u00edcula \u2018Eternals\u2019 de Marvel Studios, con la que inicia la Fase 4 del Universo Cinematogr\u00e1fico de Marvel (MCU, por sus siglas en ingl\u00e9s) y nos presentar\u00e1 una historia de una raza alien\u00edgena inmortal que emergen de su escondite despu\u00e9s de miles de a\u00f1os para proteger a la humanidad de los Desviantes.<\/span><\/p>\n<p><span style=\"color: #000000;\">El evento tuvo lugar en el Cineplanet de Mall del Sur, con la presencia de conocidas personalidades y cosplayers peruanos. Cientos de personas disfrutaron de una puesta en escena referida al inicio de la Fase 4 del Universo Cinematogr\u00e1fico de Marvel.<\/span><\/p>\n<p><a href=\"https:\/\/elinformanteperu.com\/wp-content\/uploads\/2021\/11\/Eternals-Lima2.jpg\"><img fetchpriority=\"high\" decoding=\"async\" class=\"size-full wp-image-108155 aligncenter\" src=\"https:\/\/elinformanteperu.com\/wp-content\/uploads\/2021\/11\/Eternals-Lima2.jpg\" alt=\"\" width=\"810\" height=\"447\" srcset=\"https:\/\/elinformanteperu.com\/wp-content\/uploads\/2021\/11\/Eternals-Lima2.jpg 810w, https:\/\/elinformanteperu.com\/wp-content\/uploads\/2021\/11\/Eternals-Lima2-300x166.jpg 300w, https:\/\/elinformanteperu.com\/wp-content\/uploads\/2021\/11\/Eternals-Lima2-768x424.jpg 768w\" sizes=\"(max-width: 810px) 100vw, 810px\" \/><\/a><span style=\"color: #000000;\">La pel\u00edcula fue filmada entre julio de 2019 y febrero de 2020, en Pinewood Studios, as\u00ed como en Londres y Oxford, en Inglaterra, y en las Islas Canarias, en Espa\u00f1a. \u201cEternals\u201d cuenta con un elenco que incluye a Gemma Chan, Richard Madden, Kumail Nanjiani, Lia McHugh, Brian Tyree Henry, Lauren Ridloff, Barry Keoghan, Don Lee, Harish Patel, Kit Harington, Salma Hayek y Angelina Jolie.<\/span><\/p>\n<p><span style=\"color: #000000;\">\u00abEternals\u00bb ser\u00e1 la pel\u00edcula que marcar\u00e1 el inicio de la Fase 4 del Universo Cinematogr\u00e1fico de Marvel. Hoy, 4 de noviembre es la fecha escogida para que todos los fan\u00e1ticos peruanos puedan ver la cinta que marcar\u00e1 un antes y un despu\u00e9s en el mundo de los superh\u00e9roes.<\/span><\/p>\n<p><span style=\"color: #000000;\">Las entradas estar\u00e1n disponibles en las boleter\u00edas y en las aplicaciones de Cineplanet, Cinemark, CineStar, Cinepolis y UVK Multicines.<\/span><\/p>\n<p><a href=\"https:\/\/elinformanteperu.com\/wp-content\/uploads\/2021\/11\/Eternals-Lima1.jpg\"><img decoding=\"async\" class=\"size-full wp-image-108156 aligncenter\" src=\"https:\/\/elinformanteperu.com\/wp-content\/uploads\/2021\/11\/Eternals-Lima1.jpg\" alt=\"\" width=\"811\" height=\"461\" srcset=\"https:\/\/elinformanteperu.com\/wp-content\/uploads\/2021\/11\/Eternals-Lima1.jpg 811w, https:\/\/elinformanteperu.com\/wp-content\/uploads\/2021\/11\/Eternals-Lima1-300x171.jpg 300w, https:\/\/elinformanteperu.com\/wp-content\/uploads\/2021\/11\/Eternals-Lima1-768x437.jpg 768w\" sizes=\"(max-width: 811px) 100vw, 811px\" \/><\/a><\/p>\n","protected":false},"excerpt":{"rendered":"<p>Lima, 18 Noviembre 2021, (El Informante Per\u00fa).- La noche del mi\u00e9rcoles 3 de noviembre se llev\u00f3 a cabo la Funci\u00f3n Pre Estreno de la pel\u00edcula \u2018Eternals\u2019 de Marvel Studios, con la que inicia la Fase 4 del Universo Cinematogr\u00e1fico de Marvel (MCU, por sus siglas en ingl\u00e9s) y nos presentar\u00e1 una historia de una raza [&hellip;]<\/p>\n","protected":false},"author":1,"featured_media":108154,"comment_status":"closed","ping_status":"closed","sticky":false,"template":"","format":"standard","meta":{"rop_custom_images_group":[],"rop_custom_messages_group":[],"rop_publish_now":"initial","rop_publish_now_accounts":[],"rop_publish_now_history":[],"rop_publish_now_status":"pending","footnotes":""},"categories":[7],"tags":[6535],"class_list":["post-108153","post","type-post","status-publish","format-standard","has-post-thumbnail","hentry","category-butaca","tag-eternals"],"_links":{"self":[{"href":"https:\/\/elinformanteperu.com\/index.php\/wp-json\/wp\/v2\/posts\/108153","targetHints":{"allow":["GET"]}}],"collection":[{"href":"https:\/\/elinformanteperu.com\/index.php\/wp-json\/wp\/v2\/posts"}],"about":[{"href":"https:\/\/elinformanteperu.com\/index.php\/wp-json\/wp\/v2\/types\/post"}],"author":[{"embeddable":true,"href":"https:\/\/elinformanteperu.com\/index.php\/wp-json\/wp\/v2\/users\/1"}],"replies":[{"embeddable":true,"href":"https:\/\/elinformanteperu.com\/index.php\/wp-json\/wp\/v2\/comments?post=108153"}],"version-history":[{"count":1,"href":"https:\/\/elinformanteperu.com\/index.php\/wp-json\/wp\/v2\/posts\/108153\/revisions"}],"predecessor-version":[{"id":108157,"href":"https:\/\/elinformanteperu.com\/index.php\/wp-json\/wp\/v2\/posts\/108153\/revisions\/108157"}],"wp:featuredmedia":[{"embeddable":true,"href":"https:\/\/elinformanteperu.com\/index.php\/wp-json\/wp\/v2\/media\/108154"}],"wp:attachment":[{"href":"https:\/\/elinformanteperu.com\/index.php\/wp-json\/wp\/v2\/media?parent=108153"}],"wp:term":[{"taxonomy":"category","embeddable":true,"href":"https:\/\/elinformanteperu.com\/index.php\/wp-json\/wp\/v2\/categories?post=108153"},{"taxonomy":"post_tag","embeddable":true,"href":"https:\/\/elinformanteperu.com\/index.php\/wp-json\/wp\/v2\/tags?post=108153"}],"curies":[{"name":"wp","href":"https:\/\/api.w.org\/{rel}","templated":true}]}}