{"id":108142,"date":"2021-11-18T19:50:46","date_gmt":"2021-11-19T00:50:46","guid":{"rendered":"https:\/\/elinformanteperu.com\/?p=108142"},"modified":"2021-11-18T19:50:46","modified_gmt":"2021-11-19T00:50:46","slug":"potter-de-al-fondo-hay-sitio-se-encuentra-con-respirador-artificial","status":"publish","type":"post","link":"https:\/\/elinformanteperu.com\/index.php\/2021\/11\/18\/potter-de-al-fondo-hay-sitio-se-encuentra-con-respirador-artificial\/","title":{"rendered":"\u00abPotter\u00bb de \u00abAl fondo hay sitio\u00bb se encuentra con respirador artificial"},"content":{"rendered":"<p><span style=\"color: #000000;\"><strong>Lima, 18 Noviembre 2021, (El Informante Per\u00fa).-<\/strong> El conocido actor Jean Franco V\u00e9rtiz, quien encarnara a &#8216;Potter&#8217; en la serie \u201cAl fondo hay sitio\u201d fue hospitalizado de emergencia donde se encuentra en terapia intensiva, seg\u00fan inform\u00f3 un familiar.<\/span><\/p>\n<p><span style=\"color: #000000;\">Jean Franco ha sufrido una neumon\u00eda post COVID y actualmente se encuentra con respirador artificial, raz\u00f3n por la cual permanece en el \u00e1rea de terapia intensiva donde est\u00e1 siendo atendido por los especialistas.<\/span><\/p>\n<p><span style=\"color: #000000;\">Compa\u00f1eros de la recordada serie \u201cAl fondo hay sitio\u201d que el 2022 retornar\u00e1 a la pantalla chica, como Kukuli Morante y Ana Rosa Liendo junto a sus familiares vienen realizando una cadena de oraci\u00f3n para que el joven actor se recupere lo m\u00e1s pronto posible.<\/span><\/p>\n<p><a href=\"https:\/\/elinformanteperu.com\/wp-content\/uploads\/2021\/11\/Potter-AFHS-1.jpg\"><img fetchpriority=\"high\" decoding=\"async\" class=\"size-full wp-image-108144 aligncenter\" src=\"https:\/\/elinformanteperu.com\/wp-content\/uploads\/2021\/11\/Potter-AFHS-1.jpg\" alt=\"\" width=\"305\" height=\"316\" srcset=\"https:\/\/elinformanteperu.com\/wp-content\/uploads\/2021\/11\/Potter-AFHS-1.jpg 305w, https:\/\/elinformanteperu.com\/wp-content\/uploads\/2021\/11\/Potter-AFHS-1-290x300.jpg 290w\" sizes=\"(max-width: 305px) 100vw, 305px\" \/><\/a><\/p>\n","protected":false},"excerpt":{"rendered":"<p>Lima, 18 Noviembre 2021, (El Informante Per\u00fa).- El conocido actor Jean Franco V\u00e9rtiz, quien encarnara a &#8216;Potter&#8217; en la serie \u201cAl fondo hay sitio\u201d fue hospitalizado de emergencia donde se encuentra en terapia intensiva, seg\u00fan inform\u00f3 un familiar. Jean Franco ha sufrido una neumon\u00eda post COVID y actualmente se encuentra con respirador artificial, raz\u00f3n por [&hellip;]<\/p>\n","protected":false},"author":1,"featured_media":108143,"comment_status":"closed","ping_status":"closed","sticky":false,"template":"","format":"standard","meta":{"rop_custom_images_group":[],"rop_custom_messages_group":[],"rop_publish_now":"initial","rop_publish_now_accounts":[],"rop_publish_now_history":[],"rop_publish_now_status":"pending","footnotes":""},"categories":[70],"tags":[5674,391],"class_list":["post-108142","post","type-post","status-publish","format-standard","has-post-thumbnail","hentry","category-farandula","tag-al-fondo-hay-sitio","tag-america-television"],"_links":{"self":[{"href":"https:\/\/elinformanteperu.com\/index.php\/wp-json\/wp\/v2\/posts\/108142","targetHints":{"allow":["GET"]}}],"collection":[{"href":"https:\/\/elinformanteperu.com\/index.php\/wp-json\/wp\/v2\/posts"}],"about":[{"href":"https:\/\/elinformanteperu.com\/index.php\/wp-json\/wp\/v2\/types\/post"}],"author":[{"embeddable":true,"href":"https:\/\/elinformanteperu.com\/index.php\/wp-json\/wp\/v2\/users\/1"}],"replies":[{"embeddable":true,"href":"https:\/\/elinformanteperu.com\/index.php\/wp-json\/wp\/v2\/comments?post=108142"}],"version-history":[{"count":1,"href":"https:\/\/elinformanteperu.com\/index.php\/wp-json\/wp\/v2\/posts\/108142\/revisions"}],"predecessor-version":[{"id":108145,"href":"https:\/\/elinformanteperu.com\/index.php\/wp-json\/wp\/v2\/posts\/108142\/revisions\/108145"}],"wp:featuredmedia":[{"embeddable":true,"href":"https:\/\/elinformanteperu.com\/index.php\/wp-json\/wp\/v2\/media\/108143"}],"wp:attachment":[{"href":"https:\/\/elinformanteperu.com\/index.php\/wp-json\/wp\/v2\/media?parent=108142"}],"wp:term":[{"taxonomy":"category","embeddable":true,"href":"https:\/\/elinformanteperu.com\/index.php\/wp-json\/wp\/v2\/categories?post=108142"},{"taxonomy":"post_tag","embeddable":true,"href":"https:\/\/elinformanteperu.com\/index.php\/wp-json\/wp\/v2\/tags?post=108142"}],"curies":[{"name":"wp","href":"https:\/\/api.w.org\/{rel}","templated":true}]}}