{"id":108138,"date":"2021-11-18T19:41:31","date_gmt":"2021-11-19T00:41:31","guid":{"rendered":"https:\/\/elinformanteperu.com\/?p=108138"},"modified":"2021-11-18T19:41:31","modified_gmt":"2021-11-19T00:41:31","slug":"gianfranco-bustios-es-el-nuevo-ganador-de-la-voz-kids","status":"publish","type":"post","link":"https:\/\/elinformanteperu.com\/index.php\/2021\/11\/18\/gianfranco-bustios-es-el-nuevo-ganador-de-la-voz-kids\/","title":{"rendered":"Gianfranco Bust\u00edos es el nuevo ganador de \u00abLa Voz Kids\u00bb"},"content":{"rendered":"<p><span style=\"color: #000000;\"><strong>Lima, 18 Noviembre 2021, (ANDINA).-<\/strong> El ni\u00f1o Gianfranco Bust\u00edos se convirti\u00f3 en el nuevo ganador de \u00abLa Voz Kids\u00bb, tras disputar el t\u00edtulo junto a tres peque\u00f1os participantes en una gran final tras vivir diversas etapas de eliminaci\u00f3n.<\/span><\/p>\n<p><span style=\"color: #000000;\">Gianfranco, de apenas 10 a\u00f1os, fue parte del equipo Daniela Darcourt y luch\u00f3 por el t\u00edtulo en una nueva edici\u00f3n que convoc\u00f3 a ni\u00f1os de 8 a 15 a\u00f1os de edad.<\/span><\/p>\n<p><span style=\"color: #000000;\">La noche de la final tuvo a cada participante con su entrenador al lado. La gala la inici\u00f3 Angelo Villanueva, quien realiz\u00f3 la primera presentaci\u00f3n junto a su coach Christian Yaip\u00e9n, interpretando el tema \u201cMorir de Amor\u201d.<\/span><\/p>\n<p><span style=\"color: #000000;\">Luego lo sigui\u00f3 C\u00e9sar Vicente junto a su entrenadora Eva Ayll\u00f3n con la canci\u00f3n \u201cVivir as\u00ed es morir de amor\u201d. Finalmente, Fernanda Rivera interpret\u00f3 el single \u201cLa melod\u00eda\u201d junto al paname\u00f1o Joey Montana.<\/span><\/p>\n<p><span style=\"color: #000000;\">Por su parte, Gianfranco Bust\u00edos comparti\u00f3 escenario junto a Daniela Darcourt, cantando \u201cOjos azules\u00bb y \u00abAdi\u00f3s pueblo de Ayacucho\u201d.<\/span><\/p>\n<p><span style=\"color: #000000;\">Despu\u00e9s de la interpretaci\u00f3n en solitario de cada peque\u00f1o participante, el p\u00fablico escogi\u00f3 a su favorito a trav\u00e9s de la app oficial de Latina. As\u00ed fue que Gianfranco Bust\u00edos interpret\u00f3 el tema \u201cPolluelos\u201d; convirti\u00e9ndose as\u00ed en el m\u00e1s votado de la competencia consagr\u00e1ndolo de esa manera como el ganador de \u201cLa Voz Kids\u201d. <\/span><\/p>\n<p><span style=\"color: #000000;\">\u201cMe siento muy contento que Daniela me haya escogido, agradecido con Dios . Gracias a todos los que me apoyaron, a mi Huanta querido, a todo Ayacucho. Yo les dir\u00eda a todos los ni\u00f1os que lo sigan cumpliendo sus sue\u00f1os como yo lo estoy haciendo con el canto\u201d, declara Gianfranco.<\/span><\/p>\n<p><span style=\"color: #000000;\">Culminado este reality de canto se inicia hoy \u201cYo Soy Grandes Batallas Internacional\u201d, donde imitadores nacionales e internacionales vendr\u00e1n a retar a nuestros imitadores peruanos en diversas batallas, desde las 20:30 horas, por Latina.<\/span><\/p>\n<p><a href=\"https:\/\/elinformanteperu.com\/wp-content\/uploads\/2021\/11\/Gianfranco-Bustios-ganador-la-voz-kids1.jpg\"><img fetchpriority=\"high\" decoding=\"async\" class=\"alignnone size-full wp-image-108140\" src=\"https:\/\/elinformanteperu.com\/wp-content\/uploads\/2021\/11\/Gianfranco-Bustios-ganador-la-voz-kids1.jpg\" alt=\"\" width=\"1800\" height=\"1315\" srcset=\"https:\/\/elinformanteperu.com\/wp-content\/uploads\/2021\/11\/Gianfranco-Bustios-ganador-la-voz-kids1.jpg 1800w, https:\/\/elinformanteperu.com\/wp-content\/uploads\/2021\/11\/Gianfranco-Bustios-ganador-la-voz-kids1-300x220.jpg 300w, https:\/\/elinformanteperu.com\/wp-content\/uploads\/2021\/11\/Gianfranco-Bustios-ganador-la-voz-kids1-1024x748.jpg 1024w, https:\/\/elinformanteperu.com\/wp-content\/uploads\/2021\/11\/Gianfranco-Bustios-ganador-la-voz-kids1-768x561.jpg 768w, https:\/\/elinformanteperu.com\/wp-content\/uploads\/2021\/11\/Gianfranco-Bustios-ganador-la-voz-kids1-1536x1122.jpg 1536w\" sizes=\"(max-width: 1800px) 100vw, 1800px\" \/><\/a><\/p>\n","protected":false},"excerpt":{"rendered":"<p>Lima, 18 Noviembre 2021, (ANDINA).- El ni\u00f1o Gianfranco Bust\u00edos se convirti\u00f3 en el nuevo ganador de \u00abLa Voz Kids\u00bb, tras disputar el t\u00edtulo junto a tres peque\u00f1os participantes en una gran final tras vivir diversas etapas de eliminaci\u00f3n. Gianfranco, de apenas 10 a\u00f1os, fue parte del equipo Daniela Darcourt y luch\u00f3 por el t\u00edtulo en [&hellip;]<\/p>\n","protected":false},"author":1,"featured_media":108139,"comment_status":"closed","ping_status":"closed","sticky":false,"template":"","format":"standard","meta":{"rop_custom_images_group":[],"rop_custom_messages_group":[],"rop_publish_now":"initial","rop_publish_now_accounts":[],"rop_publish_now_history":[],"rop_publish_now_status":"pending","footnotes":""},"categories":[70],"tags":[6883,6493,2512],"class_list":["post-108138","post","type-post","status-publish","format-standard","has-post-thumbnail","hentry","category-farandula","tag-la-voz-kids","tag-la-voz-peru","tag-latina"],"_links":{"self":[{"href":"https:\/\/elinformanteperu.com\/index.php\/wp-json\/wp\/v2\/posts\/108138","targetHints":{"allow":["GET"]}}],"collection":[{"href":"https:\/\/elinformanteperu.com\/index.php\/wp-json\/wp\/v2\/posts"}],"about":[{"href":"https:\/\/elinformanteperu.com\/index.php\/wp-json\/wp\/v2\/types\/post"}],"author":[{"embeddable":true,"href":"https:\/\/elinformanteperu.com\/index.php\/wp-json\/wp\/v2\/users\/1"}],"replies":[{"embeddable":true,"href":"https:\/\/elinformanteperu.com\/index.php\/wp-json\/wp\/v2\/comments?post=108138"}],"version-history":[{"count":1,"href":"https:\/\/elinformanteperu.com\/index.php\/wp-json\/wp\/v2\/posts\/108138\/revisions"}],"predecessor-version":[{"id":108141,"href":"https:\/\/elinformanteperu.com\/index.php\/wp-json\/wp\/v2\/posts\/108138\/revisions\/108141"}],"wp:featuredmedia":[{"embeddable":true,"href":"https:\/\/elinformanteperu.com\/index.php\/wp-json\/wp\/v2\/media\/108139"}],"wp:attachment":[{"href":"https:\/\/elinformanteperu.com\/index.php\/wp-json\/wp\/v2\/media?parent=108138"}],"wp:term":[{"taxonomy":"category","embeddable":true,"href":"https:\/\/elinformanteperu.com\/index.php\/wp-json\/wp\/v2\/categories?post=108138"},{"taxonomy":"post_tag","embeddable":true,"href":"https:\/\/elinformanteperu.com\/index.php\/wp-json\/wp\/v2\/tags?post=108138"}],"curies":[{"name":"wp","href":"https:\/\/api.w.org\/{rel}","templated":true}]}}