{"id":107921,"date":"2021-11-05T00:24:10","date_gmt":"2021-11-05T05:24:10","guid":{"rendered":"https:\/\/elinformanteperu.com\/?p=107921"},"modified":"2021-11-05T00:24:10","modified_gmt":"2021-11-05T05:24:10","slug":"dina-boluarte-estoy-segura-que-las-bancadas-escucharan-la-voz-del-pueblo","status":"publish","type":"post","link":"https:\/\/elinformanteperu.com\/index.php\/2021\/11\/05\/dina-boluarte-estoy-segura-que-las-bancadas-escucharan-la-voz-del-pueblo\/","title":{"rendered":"Dina Boluarte: \u00abEstoy segura que las bancadas escuchar\u00e1n la voz del pueblo\u00bb"},"content":{"rendered":"<p><span style=\"color: #000000;\"><strong>Lima, 04 Noviembre 2021, (ANDINA).-<\/strong> La vicepresidenta de la Rep\u00fablica y ministra de Desarrollo e Inclusi\u00f3n Social, Dina Boluarte, se mostr\u00f3 confiada en que el Gabinete Ministerial, que lidera Mirtha V\u00e1squez, obtenga la investidura porque la ciudadan\u00eda pide estabilidad y el fin de los enfrentamientos.<\/span><\/p>\n<p><span style=\"color: #000000;\">Por ello, dijo esperar que la bancadas del Congreso escuchar\u00e1n la voz del pueblo.<\/span><\/p>\n<p><span style=\"color: #000000;\">\u00abEs hora de trabajar unidos\u00bb, escribi\u00f3 Boluarte en su cuenta de Twitter.<\/span><\/p>\n<p><span style=\"color: #000000;\">Se espera que en horas de la tarde, la representaci\u00f3n nacional vote la cuesti\u00f3n de confianza planteada por V\u00e1squez Chuquil\u00edn en la sesi\u00f3n plenaria del pasado 25 de octubre.<\/span><\/p>\n<p><span style=\"color: #000000;\">Como se recuerda, dicha reuni\u00f3n fue suspendida por el lamentable fallecimiento del parlamentario Fernando Herrera Mamani (Per\u00fa Libre).<\/span><\/p>\n<p><span style=\"color: #000000;\">Seg\u00fan el art\u00edculo 130 de la Constituci\u00f3n, la presentaci\u00f3n del Consejo de Ministros debe realizarse dentro de los treinta d\u00edas de haber asumido sus funciones.<\/span><\/p>\n","protected":false},"excerpt":{"rendered":"<p>Lima, 04 Noviembre 2021, (ANDINA).- La vicepresidenta de la Rep\u00fablica y ministra de Desarrollo e Inclusi\u00f3n Social, Dina Boluarte, se mostr\u00f3 confiada en que el Gabinete Ministerial, que lidera Mirtha V\u00e1squez, obtenga la investidura porque la ciudadan\u00eda pide estabilidad y el fin de los enfrentamientos. Por ello, dijo esperar que la bancadas del Congreso escuchar\u00e1n [&hellip;]<\/p>\n","protected":false},"author":1,"featured_media":107922,"comment_status":"closed","ping_status":"closed","sticky":false,"template":"","format":"standard","meta":{"rop_custom_images_group":[],"rop_custom_messages_group":[],"rop_publish_now":"initial","rop_publish_now_accounts":[],"rop_publish_now_history":[],"rop_publish_now_status":"pending","footnotes":""},"categories":[5],"tags":[6528,153],"class_list":["post-107921","post","type-post","status-publish","format-standard","has-post-thumbnail","hentry","category-actualidad-informativa","tag-dina-boluarte","tag-midis"],"_links":{"self":[{"href":"https:\/\/elinformanteperu.com\/index.php\/wp-json\/wp\/v2\/posts\/107921","targetHints":{"allow":["GET"]}}],"collection":[{"href":"https:\/\/elinformanteperu.com\/index.php\/wp-json\/wp\/v2\/posts"}],"about":[{"href":"https:\/\/elinformanteperu.com\/index.php\/wp-json\/wp\/v2\/types\/post"}],"author":[{"embeddable":true,"href":"https:\/\/elinformanteperu.com\/index.php\/wp-json\/wp\/v2\/users\/1"}],"replies":[{"embeddable":true,"href":"https:\/\/elinformanteperu.com\/index.php\/wp-json\/wp\/v2\/comments?post=107921"}],"version-history":[{"count":1,"href":"https:\/\/elinformanteperu.com\/index.php\/wp-json\/wp\/v2\/posts\/107921\/revisions"}],"predecessor-version":[{"id":107923,"href":"https:\/\/elinformanteperu.com\/index.php\/wp-json\/wp\/v2\/posts\/107921\/revisions\/107923"}],"wp:featuredmedia":[{"embeddable":true,"href":"https:\/\/elinformanteperu.com\/index.php\/wp-json\/wp\/v2\/media\/107922"}],"wp:attachment":[{"href":"https:\/\/elinformanteperu.com\/index.php\/wp-json\/wp\/v2\/media?parent=107921"}],"wp:term":[{"taxonomy":"category","embeddable":true,"href":"https:\/\/elinformanteperu.com\/index.php\/wp-json\/wp\/v2\/categories?post=107921"},{"taxonomy":"post_tag","embeddable":true,"href":"https:\/\/elinformanteperu.com\/index.php\/wp-json\/wp\/v2\/tags?post=107921"}],"curies":[{"name":"wp","href":"https:\/\/api.w.org\/{rel}","templated":true}]}}