{"id":107461,"date":"2021-10-28T00:59:29","date_gmt":"2021-10-28T05:59:29","guid":{"rendered":"https:\/\/elinformanteperu.com\/?p=107461"},"modified":"2021-10-28T00:59:29","modified_gmt":"2021-10-28T05:59:29","slug":"presidente-castillo-pide-al-congreso-que-agende-y-declare-en-emergencia-la-educacion","status":"publish","type":"post","link":"https:\/\/elinformanteperu.com\/index.php\/2021\/10\/28\/presidente-castillo-pide-al-congreso-que-agende-y-declare-en-emergencia-la-educacion\/","title":{"rendered":"Presidente Castillo pide al Congreso que agende y declare en emergencia la educaci\u00f3n"},"content":{"rendered":"<p><span style=\"color: #000000;\"><strong>Lima, 27 Octubre 2021, (ANDINA).-<\/strong> El presidente de la Rep\u00fablica, Pedro Castillo, pidi\u00f3 al Congreso de la Rep\u00fablica, que ponga en agenda y declare en emergencia la educaci\u00f3n en el pa\u00eds para revertir los graves problemas que aquejan a este sector.<\/span><\/p>\n<p><span style=\"color: #000000;\">Durante el acto f\u00fanebre en memoria del fallecido congresista, Fernando Herrera, en la regi\u00f3n Tacna, el mandatario destac\u00f3 que el pa\u00eds necesita una revoluci\u00f3n educativa, la cual se va a impulsar en el territorio nacional.<\/span><\/p>\n<p><span style=\"color: #000000;\">\u201cLa partida de nuestro hermano nos impulsa y nos anima a que tomemos en serio y con responsabilidad encaminar la revoluci\u00f3n educativa que necesita el pa\u00eds. Vamos a asumirla y la tenemos que hacer y desde ac\u00e1 invoco al Congreso, que agende y declare en emergencia la educaci\u00f3n peruana para revertir estos graves problemas que tenemos\u201d, indic\u00f3.<\/span><\/p>\n<p><span style=\"color: #000000;\">Agreg\u00f3 que son diversos gobiernos los que ya han pasado y todav\u00eda no se entiende la gran necesidad de iniciar esta verdadera revoluci\u00f3n educativa.<\/span><\/p>\n<p><span style=\"color: #000000;\">El jefe de Estado destac\u00f3 tambi\u00e9n la vida del desaparecido parlamentario y afirm\u00f3 que Fernando Herrera recogi\u00f3 siempre las demandas de la poblaci\u00f3n y de una regi\u00f3n que busca la debida atenci\u00f3n de sus autoridades.<\/span><\/p>\n<p><span style=\"color: #000000;\">Recalc\u00f3 que el congresista Fernando Herrera nos deja su valent\u00eda, su lucha y sus valores que los demostr\u00f3 como ciudadano y como candidato cuando recorri\u00f3 los diversos pueblos de la regi\u00f3n Tacna.<\/span><\/p>\n","protected":false},"excerpt":{"rendered":"<p>Lima, 27 Octubre 2021, (ANDINA).- El presidente de la Rep\u00fablica, Pedro Castillo, pidi\u00f3 al Congreso de la Rep\u00fablica, que ponga en agenda y declare en emergencia la educaci\u00f3n en el pa\u00eds para revertir los graves problemas que aquejan a este sector. Durante el acto f\u00fanebre en memoria del fallecido congresista, Fernando Herrera, en la regi\u00f3n [&hellip;]<\/p>\n","protected":false},"author":1,"featured_media":107462,"comment_status":"closed","ping_status":"closed","sticky":false,"template":"","format":"standard","meta":{"rop_custom_images_group":[],"rop_custom_messages_group":[],"rop_publish_now":"initial","rop_publish_now_accounts":[],"rop_publish_now_history":[],"rop_publish_now_status":"pending","footnotes":""},"categories":[5,5745],"tags":[192,2092,1421],"class_list":["post-107461","post","type-post","status-publish","format-standard","has-post-thumbnail","hentry","category-actualidad-informativa","category-lo-ultimo","tag-congreso","tag-pedro-castillo","tag-poder-ejecutivo"],"_links":{"self":[{"href":"https:\/\/elinformanteperu.com\/index.php\/wp-json\/wp\/v2\/posts\/107461","targetHints":{"allow":["GET"]}}],"collection":[{"href":"https:\/\/elinformanteperu.com\/index.php\/wp-json\/wp\/v2\/posts"}],"about":[{"href":"https:\/\/elinformanteperu.com\/index.php\/wp-json\/wp\/v2\/types\/post"}],"author":[{"embeddable":true,"href":"https:\/\/elinformanteperu.com\/index.php\/wp-json\/wp\/v2\/users\/1"}],"replies":[{"embeddable":true,"href":"https:\/\/elinformanteperu.com\/index.php\/wp-json\/wp\/v2\/comments?post=107461"}],"version-history":[{"count":1,"href":"https:\/\/elinformanteperu.com\/index.php\/wp-json\/wp\/v2\/posts\/107461\/revisions"}],"predecessor-version":[{"id":107463,"href":"https:\/\/elinformanteperu.com\/index.php\/wp-json\/wp\/v2\/posts\/107461\/revisions\/107463"}],"wp:featuredmedia":[{"embeddable":true,"href":"https:\/\/elinformanteperu.com\/index.php\/wp-json\/wp\/v2\/media\/107462"}],"wp:attachment":[{"href":"https:\/\/elinformanteperu.com\/index.php\/wp-json\/wp\/v2\/media?parent=107461"}],"wp:term":[{"taxonomy":"category","embeddable":true,"href":"https:\/\/elinformanteperu.com\/index.php\/wp-json\/wp\/v2\/categories?post=107461"},{"taxonomy":"post_tag","embeddable":true,"href":"https:\/\/elinformanteperu.com\/index.php\/wp-json\/wp\/v2\/tags?post=107461"}],"curies":[{"name":"wp","href":"https:\/\/api.w.org\/{rel}","templated":true}]}}