{"id":107455,"date":"2021-10-28T00:49:28","date_gmt":"2021-10-28T05:49:28","guid":{"rendered":"https:\/\/elinformanteperu.com\/?p=107455"},"modified":"2021-10-28T00:49:28","modified_gmt":"2021-10-28T05:49:28","slug":"feriado-largo-si-viajas-en-transporte-interprovincial-ten-presente-el-protocolo-sanitario","status":"publish","type":"post","link":"https:\/\/elinformanteperu.com\/index.php\/2021\/10\/28\/feriado-largo-si-viajas-en-transporte-interprovincial-ten-presente-el-protocolo-sanitario\/","title":{"rendered":"Feriado largo: si viajas en transporte interprovincial ten presente el protocolo sanitario"},"content":{"rendered":"<p><strong><span style=\"color: #000000;\">Ya no hay limitaciones en el aforo de buses pero es obligatorio el uso de mascarilla y escudo facial<\/span><\/strong><\/p>\n<p><span style=\"color: #000000;\"><strong>Lima, 27 Octubre 2021, (ANDINA).-<\/strong> El feriado largo que se avecina nos invita a viajar por los diversos y encantadores destinos del Per\u00fa, siendo el transporte interprovincial de pasajeros uno de los medios m\u00e1s utilizados. Si bien ya no existe l\u00edmites en el aforo de los buses en vista que todas las provincias del pa\u00eds tienen nivel de alerta moderado ante el covid-19, existe un protocolo sanitario establecido por las autoridades competentes que se deben cumplir para tener un viaje seguro.<\/span><\/p>\n<p><span style=\"color: #000000;\">Las disposiciones establecidas en este protocolo por el Ministerio de Transportes y Comunicaciones (MTC) y el Ministerio de Salud (Minsa) para el transporte interprovincial de pasajeros precisan, en primer lugar, el uso obligatorio de mascarilla y escudo facial por parte de los pasajeros, tanto en los terminales como durante todo el traslado.<\/span><\/p>\n<p><span style=\"color: #000000;\">Las empresas de transporte interprovincial solo pueden llevar personas sentadas, de acuerdo a la capacidad del veh\u00edculo. En los veh\u00edculos M2 (minib\u00fas o microb\u00fas) no se pueden transportar usuarios en el asiento del copiloto.<\/span><\/p>\n<p><span style=\"color: #000000;\">El chofer debe utilizar una mascarilla quir\u00fargica. En caso utilice mascarilla de tela, debe usar un escudo facial.<\/span><\/p>\n<p><span style=\"color: #000000;\">El veh\u00edculo debe contar con medidas de separaci\u00f3n entre el chofer y los pasajeros, como paneles de protecci\u00f3n de acr\u00edlico o policarbonato. Las medidas, grosos y especificaciones de dise\u00f1o se encuentran en la Resoluci\u00f3n Ministerial N\u00b0 0385-2020-MTC\/01. Tambi\u00e9n se mantiene la obligaci\u00f3n de desinfectar los veh\u00edculos antes y despu\u00e9s de cada servicio.<\/span><\/p>\n<p><span style=\"color: #000000;\">Las empresas de transporte deben tomar la temperatura corporal a los pasajeros y vigilar que se guarde el distanciamiento f\u00edsico dentro de las instalaciones de las agencias. Antes de abordar el veh\u00edculo de transporte interprovincial, los pasajeros deben entregar una Declaraci\u00f3n Jurada de su estado de salud.<\/span><\/p>\n<p><span style=\"color: #000000;\">Los menores de 14 a\u00f1os \u00fanicamente podr\u00e1n viajar con, por lo menos, uno de sus padres o su tutor debidamente acreditado. Deber\u00e1n llenar y entregar una declaraci\u00f3n jurada para el transporte de pasajeros menores de 14 a\u00f1os.<\/span><\/p>\n<p><span style=\"color: #000000;\">Las personas mayores de 65 a\u00f1os tambi\u00e9n deben llenar y entregar una declaraci\u00f3n jurada para el transporte de pasajeros mayores de 65 a\u00f1os.<\/span><\/p>\n<p><span style=\"color: #000000;\">Se debe evitar el consumo de alimentos durante el traslado. Los pasajeros que requieran hacerlo deben desinfectarse las manos con alcohol en gel.<\/span><\/p>\n<p><strong><span style=\"color: #000000;\">Viaje seguro<\/span><\/strong><\/p>\n<p><span style=\"color: #000000;\">Por su parte, la Superintendencia de Transporte Terrestre de Personas, Carga y Mercanc\u00edas (Sutran) recuerda a todos los usuarios la importancia de recurrir siempre a terminales terrestres autorizados y contar con el aplicativo m\u00f3vil Viaje Seguro, mediante el cual podr\u00e1n revisar los datos del conductor y el veh\u00edculo, as\u00ed como las autorizaciones y certificados con las que cuenta el veh\u00edculo.<\/span><\/p>\n<p><span style=\"color: #000000;\">Asimismo, aconseja respetar el distanciamiento social mediante el uso adecuado de las cortinas divisorias de polietileno instaladas en las unidades de transporte y el uso del cintur\u00f3n de seguridad, elemento de seguridad importante que salva vidas.<\/span><\/p>\n","protected":false},"excerpt":{"rendered":"<p>Ya no hay limitaciones en el aforo de buses pero es obligatorio el uso de mascarilla y escudo facial Lima, 27 Octubre 2021, (ANDINA).- El feriado largo que se avecina nos invita a viajar por los diversos y encantadores destinos del Per\u00fa, siendo el transporte interprovincial de pasajeros uno de los medios m\u00e1s utilizados. Si [&hellip;]<\/p>\n","protected":false},"author":1,"featured_media":107456,"comment_status":"closed","ping_status":"closed","sticky":false,"template":"","format":"standard","meta":{"rop_custom_images_group":[],"rop_custom_messages_group":[],"rop_publish_now":"initial","rop_publish_now_accounts":[],"rop_publish_now_history":[],"rop_publish_now_status":"pending","footnotes":""},"categories":[10,5745],"tags":[758,617],"class_list":["post-107455","post","type-post","status-publish","format-standard","has-post-thumbnail","hentry","category-actualidad-municipal","category-lo-ultimo","tag-feriados","tag-sutran"],"_links":{"self":[{"href":"https:\/\/elinformanteperu.com\/index.php\/wp-json\/wp\/v2\/posts\/107455","targetHints":{"allow":["GET"]}}],"collection":[{"href":"https:\/\/elinformanteperu.com\/index.php\/wp-json\/wp\/v2\/posts"}],"about":[{"href":"https:\/\/elinformanteperu.com\/index.php\/wp-json\/wp\/v2\/types\/post"}],"author":[{"embeddable":true,"href":"https:\/\/elinformanteperu.com\/index.php\/wp-json\/wp\/v2\/users\/1"}],"replies":[{"embeddable":true,"href":"https:\/\/elinformanteperu.com\/index.php\/wp-json\/wp\/v2\/comments?post=107455"}],"version-history":[{"count":1,"href":"https:\/\/elinformanteperu.com\/index.php\/wp-json\/wp\/v2\/posts\/107455\/revisions"}],"predecessor-version":[{"id":107457,"href":"https:\/\/elinformanteperu.com\/index.php\/wp-json\/wp\/v2\/posts\/107455\/revisions\/107457"}],"wp:featuredmedia":[{"embeddable":true,"href":"https:\/\/elinformanteperu.com\/index.php\/wp-json\/wp\/v2\/media\/107456"}],"wp:attachment":[{"href":"https:\/\/elinformanteperu.com\/index.php\/wp-json\/wp\/v2\/media?parent=107455"}],"wp:term":[{"taxonomy":"category","embeddable":true,"href":"https:\/\/elinformanteperu.com\/index.php\/wp-json\/wp\/v2\/categories?post=107455"},{"taxonomy":"post_tag","embeddable":true,"href":"https:\/\/elinformanteperu.com\/index.php\/wp-json\/wp\/v2\/tags?post=107455"}],"curies":[{"name":"wp","href":"https:\/\/api.w.org\/{rel}","templated":true}]}}