{"id":107436,"date":"2021-10-28T00:06:01","date_gmt":"2021-10-28T05:06:01","guid":{"rendered":"https:\/\/elinformanteperu.com\/?p=107436"},"modified":"2021-10-28T00:06:01","modified_gmt":"2021-10-28T05:06:01","slug":"los-mejores-surfistas-de-america-competiran-desde-el-viernes-en-punta-rocas","status":"publish","type":"post","link":"https:\/\/elinformanteperu.com\/index.php\/2021\/10\/28\/los-mejores-surfistas-de-america-competiran-desde-el-viernes-en-punta-rocas\/","title":{"rendered":"Los mejores surfistas de Am\u00e9rica competir\u00e1n desde el viernes en Punta Rocas"},"content":{"rendered":"<p><strong><span style=\"color: #000000;\">El Alas Pro Tour Copa Bicentenario se disputar\u00e1 en el \u200bCentro de Alto Rendimiento de Surf<\/span><\/strong><\/p>\n<p><span style=\"color: #000000;\"><strong>Lima, 27 Octubre 2021, (ANDINA).-<\/strong> Los mejores surfistas de Am\u00e9rica competir\u00e1n, desde el 29 al 31 de octubre, en el Alas Pro Tour Copa Bicentenario, que se desarrollar\u00e1 en el Centro de Alto Rendimiento de Surf de Punta Rocas. Daniela Rosas, Anal\u00ed G\u00f3mez, Vania Torres, Piccolo Clemente y Lucca Mesinas son algunos nombres que resaltan en la nutrida delegaci\u00f3n peruana.<\/span><\/p>\n<p><span style=\"color: #000000;\">Distintas lenguas y costumbres se volver\u00e1n a mezclar en el primer gran centro de surf de Sudam\u00e9rica, construido para los Juegos Lima 2019, que acoger\u00e1 esta vez a 165 deportistas, provenientes de 12 pa\u00edses, entre los que destacan delegaciones como Argentina, Estados Unidos, Canad\u00e1, Chile, Brasil, M\u00e9xico, Costa Rica, Panam\u00e1, El Salvador, Rep\u00fablica Dominicana, Puerto Rico y Per\u00fa.<\/span><\/p>\n<p><span style=\"color: #000000;\">De esta manera, los exponentes del Surf no se dar\u00e1n tregua en el evento de talla internacional, considerado uno de los m\u00e1s importantes en Am\u00e9rica Latina y que forma parte de la segunda parada del Tour Continental. En ese marco, se pondr\u00e1n a prueba distintas modalidades, como longboard, paddle surf, entre otras.<\/span><\/p>\n<p><span style=\"color: #000000;\">\u201cYa hemos comenzado a entrenar en el CAR de Punta Rocas, ya que tiene un gimnasio bien equipado. Es un lugar de lujo, porque tenemos las olas frente a la sede, con acceso directo al mar. No muchos pa\u00edses tienen una infraestructura as\u00ed, donde se pueda practicar varios deportes acu\u00e1ticos\u201d, asever\u00f3 Vania Torres.<\/span><\/p>\n<p><span style=\"color: #000000;\">La deportista regresar\u00e1 a la sede panamericana que la vio triunfar en Lima 2019, cuando se apoder\u00f3 de la medalla de plata.<\/span><\/p>\n<p><span style=\"color: #000000;\">Ella volver\u00e1 a representar al pa\u00eds, junto a Sol Aguirre, Daniela Rosas, Anal\u00ed G\u00f3mez, Miguel Tudela, Mar\u00eda Fernanda Reyes, Alonso Correa, Piccolo Clemente y Lucca Mesinas, este \u00faltimo, quien viene de ubicarse entre los ocho mejores del tercer Challenger de la World Surf League, organizado en Francia.<\/span><\/p>\n<p><span style=\"color: #000000;\">\u201cVan a correr los mejores de Per\u00fa. Muchos de nosotros participamos en los Juegos Panamericanos. En mi caso, me siento ansiosa de regresar a las competencias despu\u00e9s de mucho tiempo\u201d, agreg\u00f3 Vania Torres.<\/span><\/p>\n<p><span style=\"color: #000000;\">A su vez, Mat\u00edas Maturano, de 17 a\u00f1os y considerado uno de las promesas del Surf peruano, elogi\u00f3 las bondades del CAR de Punta Rocas, que cuenta con una tribuna con capacidad para 500 personas y una escalera de madera que conecta con la playa, permitiendo el desplazamiento f\u00e1cil y directo de los deportistas.<\/span><\/p>\n<p><span style=\"color: #000000;\">\u201cEs incre\u00edble tener un Centro de Alto rendimiento a nuestra disposici\u00f3n. Por ese motivo la gente tiene que venir a alentarnos. Lo pueden hacer desde la arena o desde la grader\u00eda. Ver\u00e1n a muchas promesas del Surf\u201d, dijo Maturano.<\/span><\/p>\n<p><span style=\"color: #000000;\">El moderno CAR de Punta Rocas, elevado sobre un terreno de m\u00e1s de 21 mil m2 cuadrados, tambi\u00e9n cuenta con una zona de jueces dise\u00f1ada para las m\u00e1s grandes competencias. Adem\u00e1s, tiene un gimnasio totalmente equipado, una piscina de 25 metros de largo y 5 de profundidad y un campo de entrenamiento de arena con dimensiones oficiales para la pr\u00e1ctica de deportes de playa<\/span><\/p>\n<p><span style=\"color: #000000;\">La sede, que es administrado por el Proyecto Legado, cuenta con un albergue de 34 c\u00f3modas habitaciones, muchas de ellas con vista al mar y accesibles para personas con discapacidad. As\u00ed como una sala de conferencias para usos m\u00faltiples.<\/span><\/p>\n<p><iframe title=\"YouTube video player\" src=\"https:\/\/www.youtube-nocookie.com\/embed\/Fv0xVz5--lQ?controls=0\" width=\"520\" height=\"315\" frameborder=\"0\" allowfullscreen=\"allowfullscreen\"><span data-mce-type=\"bookmark\" style=\"display: inline-block; width: 0px; overflow: hidden; line-height: 0;\" class=\"mce_SELRES_start\">\ufeff<\/span><\/iframe><\/p>\n","protected":false},"excerpt":{"rendered":"<p>El Alas Pro Tour Copa Bicentenario se disputar\u00e1 en el \u200bCentro de Alto Rendimiento de Surf Lima, 27 Octubre 2021, (ANDINA).- Los mejores surfistas de Am\u00e9rica competir\u00e1n, desde el 29 al 31 de octubre, en el Alas Pro Tour Copa Bicentenario, que se desarrollar\u00e1 en el Centro de Alto Rendimiento de Surf de Punta Rocas. [&hellip;]<\/p>\n","protected":false},"author":1,"featured_media":107437,"comment_status":"closed","ping_status":"closed","sticky":false,"template":"","format":"standard","meta":{"rop_custom_images_group":[],"rop_custom_messages_group":[],"rop_publish_now":"initial","rop_publish_now_accounts":[],"rop_publish_now_history":[],"rop_publish_now_status":"pending","footnotes":""},"categories":[8],"tags":[6495,3520],"class_list":["post-107436","post","type-post","status-publish","format-standard","has-post-thumbnail","hentry","category-disciplinas-deportivas","tag-legado","tag-surf"],"_links":{"self":[{"href":"https:\/\/elinformanteperu.com\/index.php\/wp-json\/wp\/v2\/posts\/107436","targetHints":{"allow":["GET"]}}],"collection":[{"href":"https:\/\/elinformanteperu.com\/index.php\/wp-json\/wp\/v2\/posts"}],"about":[{"href":"https:\/\/elinformanteperu.com\/index.php\/wp-json\/wp\/v2\/types\/post"}],"author":[{"embeddable":true,"href":"https:\/\/elinformanteperu.com\/index.php\/wp-json\/wp\/v2\/users\/1"}],"replies":[{"embeddable":true,"href":"https:\/\/elinformanteperu.com\/index.php\/wp-json\/wp\/v2\/comments?post=107436"}],"version-history":[{"count":1,"href":"https:\/\/elinformanteperu.com\/index.php\/wp-json\/wp\/v2\/posts\/107436\/revisions"}],"predecessor-version":[{"id":107438,"href":"https:\/\/elinformanteperu.com\/index.php\/wp-json\/wp\/v2\/posts\/107436\/revisions\/107438"}],"wp:featuredmedia":[{"embeddable":true,"href":"https:\/\/elinformanteperu.com\/index.php\/wp-json\/wp\/v2\/media\/107437"}],"wp:attachment":[{"href":"https:\/\/elinformanteperu.com\/index.php\/wp-json\/wp\/v2\/media?parent=107436"}],"wp:term":[{"taxonomy":"category","embeddable":true,"href":"https:\/\/elinformanteperu.com\/index.php\/wp-json\/wp\/v2\/categories?post=107436"},{"taxonomy":"post_tag","embeddable":true,"href":"https:\/\/elinformanteperu.com\/index.php\/wp-json\/wp\/v2\/tags?post=107436"}],"curies":[{"name":"wp","href":"https:\/\/api.w.org\/{rel}","templated":true}]}}