{"id":107433,"date":"2021-10-27T23:04:09","date_gmt":"2021-10-28T04:04:09","guid":{"rendered":"https:\/\/elinformanteperu.com\/?p=107433"},"modified":"2021-10-27T23:04:09","modified_gmt":"2021-10-28T04:04:09","slug":"ronald-koeman-fue-destituido-como-entrenador-del-barcelona","status":"publish","type":"post","link":"https:\/\/elinformanteperu.com\/index.php\/2021\/10\/27\/ronald-koeman-fue-destituido-como-entrenador-del-barcelona\/","title":{"rendered":"Ronald Koeman fue destituido como entrenador del Barcelona"},"content":{"rendered":"<p><span style=\"color: #000000;\"><strong>Barcelona, 27 Octubre 2021, (ANDINA).-<\/strong> La directiva del Barcelona, presidida por Joan Laporta, tom\u00f3 la decisi\u00f3n de destituir al t\u00e9cnico Ronald Koeman tras los \u00faltimos magros resultados que llevan al equipo cul\u00e9 a exponer un juego muy pobre acompa\u00f1ado con derrotas dolorosas.<\/span><\/p>\n<p><span style=\"color: #000000;\">\u00abEl presidente del club, Joan Laporta, se lo ha comunicado despu\u00e9s de la derrota ante el Rayo Vallecano. Ronald Koeman se ha despedido de la plantilla esta noche\u00bb, inform\u00f3 la entidad azulgrana en un comunicado en el que agradece al preparador neerland\u00e9s \u00ablos servicios prestados\u00bb y le desea \u00abmucha suerte\u00bb en su vida y su carrera profesional.<\/span><\/p>\n<p><span style=\"color: #000000;\">La derrota ante el Rayo sit\u00faa al conjunto azulgrana noveno en la clasificaci\u00f3n, con 15 puntos de 30 posibles, lo que les sit\u00faa a la misma distancia -8 puntos- del l\u00edder de la competici\u00f3n, el Real Madrid, que del descenso.<\/span><\/p>\n<p><span style=\"color: #000000;\">Al mal juego del equipo y los malos resultados en Liga -todav\u00eda no sabe lo que es ganar como visitante esta temporada- hay que sumar el mal arranque en la Liga de Campeones.<\/span><\/p>\n<p><span style=\"color: #000000;\">Y es que en la m\u00e1xima competici\u00f3n continental ha sufrido dos goleadas ante el Bayern de M\u00fanich (0-3) y el Benfica (3-0) y solo ha podido ganar por la m\u00ednima al Dinamo de Kiev en el Camp Nou (1-0).<\/span><\/p>\n<p><span style=\"color: #000000;\">Fuentes del club azulgrana confirmaron a EFE que el favorito para ocupar el banquillo que Koeman deja vacante es Xavi Hern\u00e1ndez, actual entrenador del Al Sadd catar\u00ed.<\/span><\/p>\n<p><span style=\"color: #000000;\">Sin embargo, la contrataci\u00f3n del que fuera capit\u00e1n del Bar\u00e7a a\u00fan no est\u00e1 cerrada, por lo que el entrenador del filial, Sergi Barjuan, podr\u00eda dirigir al equipo de forma interina en la visita del Deportivo Alav\u00e9s en la competici\u00f3n dom\u00e9stica, este s\u00e1bado, y en un nuevo duelo de Champions en Kiev el pr\u00f3ximo martes.<\/span><\/p>\n<p><a href=\"https:\/\/elinformanteperu.com\/wp-content\/uploads\/2021\/05\/Ronald-Koeman.jpg\"><img fetchpriority=\"high\" decoding=\"async\" class=\"alignnone size-full wp-image-97246\" src=\"https:\/\/elinformanteperu.com\/wp-content\/uploads\/2021\/05\/Ronald-Koeman.jpg\" alt=\"\" width=\"1800\" height=\"1199\" srcset=\"https:\/\/elinformanteperu.com\/wp-content\/uploads\/2021\/05\/Ronald-Koeman.jpg 1800w, https:\/\/elinformanteperu.com\/wp-content\/uploads\/2021\/05\/Ronald-Koeman-300x200.jpg 300w, https:\/\/elinformanteperu.com\/wp-content\/uploads\/2021\/05\/Ronald-Koeman-1024x682.jpg 1024w, https:\/\/elinformanteperu.com\/wp-content\/uploads\/2021\/05\/Ronald-Koeman-768x512.jpg 768w, https:\/\/elinformanteperu.com\/wp-content\/uploads\/2021\/05\/Ronald-Koeman-1536x1023.jpg 1536w\" sizes=\"(max-width: 1800px) 100vw, 1800px\" \/><\/a><\/p>\n","protected":false},"excerpt":{"rendered":"<p>Barcelona, 27 Octubre 2021, (ANDINA).- La directiva del Barcelona, presidida por Joan Laporta, tom\u00f3 la decisi\u00f3n de destituir al t\u00e9cnico Ronald Koeman tras los \u00faltimos magros resultados que llevan al equipo cul\u00e9 a exponer un juego muy pobre acompa\u00f1ado con derrotas dolorosas. \u00abEl presidente del club, Joan Laporta, se lo ha comunicado despu\u00e9s de la [&hellip;]<\/p>\n","protected":false},"author":1,"featured_media":107434,"comment_status":"closed","ping_status":"closed","sticky":false,"template":"","format":"standard","meta":{"rop_custom_images_group":[],"rop_custom_messages_group":[],"rop_publish_now":"initial","rop_publish_now_accounts":[],"rop_publish_now_history":[],"rop_publish_now_status":"pending","footnotes":""},"categories":[8],"tags":[303,6055],"class_list":["post-107433","post","type-post","status-publish","format-standard","has-post-thumbnail","hentry","category-disciplinas-deportivas","tag-barcelona","tag-ronald-koeman"],"_links":{"self":[{"href":"https:\/\/elinformanteperu.com\/index.php\/wp-json\/wp\/v2\/posts\/107433","targetHints":{"allow":["GET"]}}],"collection":[{"href":"https:\/\/elinformanteperu.com\/index.php\/wp-json\/wp\/v2\/posts"}],"about":[{"href":"https:\/\/elinformanteperu.com\/index.php\/wp-json\/wp\/v2\/types\/post"}],"author":[{"embeddable":true,"href":"https:\/\/elinformanteperu.com\/index.php\/wp-json\/wp\/v2\/users\/1"}],"replies":[{"embeddable":true,"href":"https:\/\/elinformanteperu.com\/index.php\/wp-json\/wp\/v2\/comments?post=107433"}],"version-history":[{"count":1,"href":"https:\/\/elinformanteperu.com\/index.php\/wp-json\/wp\/v2\/posts\/107433\/revisions"}],"predecessor-version":[{"id":107435,"href":"https:\/\/elinformanteperu.com\/index.php\/wp-json\/wp\/v2\/posts\/107433\/revisions\/107435"}],"wp:featuredmedia":[{"embeddable":true,"href":"https:\/\/elinformanteperu.com\/index.php\/wp-json\/wp\/v2\/media\/107434"}],"wp:attachment":[{"href":"https:\/\/elinformanteperu.com\/index.php\/wp-json\/wp\/v2\/media?parent=107433"}],"wp:term":[{"taxonomy":"category","embeddable":true,"href":"https:\/\/elinformanteperu.com\/index.php\/wp-json\/wp\/v2\/categories?post=107433"},{"taxonomy":"post_tag","embeddable":true,"href":"https:\/\/elinformanteperu.com\/index.php\/wp-json\/wp\/v2\/tags?post=107433"}],"curies":[{"name":"wp","href":"https:\/\/api.w.org\/{rel}","templated":true}]}}