{"id":107420,"date":"2021-10-26T23:39:26","date_gmt":"2021-10-27T04:39:26","guid":{"rendered":"https:\/\/elinformanteperu.com\/?p=107420"},"modified":"2021-10-26T23:39:26","modified_gmt":"2021-10-27T04:39:26","slug":"presidente-castillo-somos-y-seremos-respetuosos-con-la-libertad-de-empresa","status":"publish","type":"post","link":"https:\/\/elinformanteperu.com\/index.php\/2021\/10\/26\/presidente-castillo-somos-y-seremos-respetuosos-con-la-libertad-de-empresa\/","title":{"rendered":"Presidente Castillo: somos y seremos respetuosos con la libertad de empresa"},"content":{"rendered":"<p><span style=\"color: #000000;\"><strong>Lima, 26 Octubre 2021, (ANDINA).-<\/strong> El presidente de la Rep\u00fablica, Pedro Castillo, afirm\u00f3 que su Gobierno es y ser\u00e1 respetuoso con la libertad de empresa en el pa\u00eds y recalc\u00f3 que una de las prioridades es el gasoducto que llevar\u00e1 el gas al sur del pa\u00eds.<\/span><\/p>\n<p><span style=\"color: #000000;\">A trav\u00e9s de su cuenta de Twitter, manifest\u00f3 que ese es el compromiso asumido por el pueblo y se cumplir\u00e1.<\/span><\/p>\n<p><span style=\"color: #000000;\">\u201cComo Gobierno del Pueblo, somos y seremos respetuosos con la libertad de empresa. El gasoducto que llevar\u00e1 el gas al sur del pa\u00eds es nuestra prioridad, as\u00ed como su masificaci\u00f3n en beneficio de todos los peruanos. Ese es nuestro compromiso asumido con el pueblo y lo cumpliremos\u201d, recalc\u00f3 el mandatario.<\/span><\/p>\n<blockquote class=\"twitter-tweet\">\n<p dir=\"ltr\" lang=\"es\">Como <a href=\"https:\/\/twitter.com\/hashtag\/GobiernoDelPueblo?src=hash&amp;ref_src=twsrc%5Etfw\">#GobiernoDelPueblo<\/a>, somos y seremos respetuosos con la libertad de empresa. El gasoducto que llevar\u00e1 el gas al sur del pa\u00eds es nuestra prioridad, as\u00ed como su masificaci\u00f3n en beneficio de todos los peruanos. Ese es nuestro compromiso asumido con el pueblo y lo cumpliremos.<\/p>\n<p>\u2014 Pedro Castillo Terrones (@PedroCastilloTe) <a href=\"https:\/\/twitter.com\/PedroCastilloTe\/status\/1453152894182645763?ref_src=twsrc%5Etfw\">October 27, 2021<\/a><\/p><\/blockquote>\n<p><script async src=\"https:\/\/platform.twitter.com\/widgets.js\" charset=\"utf-8\"><\/script><\/p>\n","protected":false},"excerpt":{"rendered":"<p>Lima, 26 Octubre 2021, (ANDINA).- El presidente de la Rep\u00fablica, Pedro Castillo, afirm\u00f3 que su Gobierno es y ser\u00e1 respetuoso con la libertad de empresa en el pa\u00eds y recalc\u00f3 que una de las prioridades es el gasoducto que llevar\u00e1 el gas al sur del pa\u00eds. A trav\u00e9s de su cuenta de Twitter, manifest\u00f3 que [&hellip;]<\/p>\n","protected":false},"author":1,"featured_media":106477,"comment_status":"closed","ping_status":"closed","sticky":false,"template":"","format":"standard","meta":{"rop_custom_images_group":[],"rop_custom_messages_group":[],"rop_publish_now":"initial","rop_publish_now_accounts":[],"rop_publish_now_history":[],"rop_publish_now_status":"pending","footnotes":""},"categories":[5],"tags":[2092,1421],"class_list":["post-107420","post","type-post","status-publish","format-standard","has-post-thumbnail","hentry","category-actualidad-informativa","tag-pedro-castillo","tag-poder-ejecutivo"],"_links":{"self":[{"href":"https:\/\/elinformanteperu.com\/index.php\/wp-json\/wp\/v2\/posts\/107420","targetHints":{"allow":["GET"]}}],"collection":[{"href":"https:\/\/elinformanteperu.com\/index.php\/wp-json\/wp\/v2\/posts"}],"about":[{"href":"https:\/\/elinformanteperu.com\/index.php\/wp-json\/wp\/v2\/types\/post"}],"author":[{"embeddable":true,"href":"https:\/\/elinformanteperu.com\/index.php\/wp-json\/wp\/v2\/users\/1"}],"replies":[{"embeddable":true,"href":"https:\/\/elinformanteperu.com\/index.php\/wp-json\/wp\/v2\/comments?post=107420"}],"version-history":[{"count":1,"href":"https:\/\/elinformanteperu.com\/index.php\/wp-json\/wp\/v2\/posts\/107420\/revisions"}],"predecessor-version":[{"id":107421,"href":"https:\/\/elinformanteperu.com\/index.php\/wp-json\/wp\/v2\/posts\/107420\/revisions\/107421"}],"wp:featuredmedia":[{"embeddable":true,"href":"https:\/\/elinformanteperu.com\/index.php\/wp-json\/wp\/v2\/media\/106477"}],"wp:attachment":[{"href":"https:\/\/elinformanteperu.com\/index.php\/wp-json\/wp\/v2\/media?parent=107420"}],"wp:term":[{"taxonomy":"category","embeddable":true,"href":"https:\/\/elinformanteperu.com\/index.php\/wp-json\/wp\/v2\/categories?post=107420"},{"taxonomy":"post_tag","embeddable":true,"href":"https:\/\/elinformanteperu.com\/index.php\/wp-json\/wp\/v2\/tags?post=107420"}],"curies":[{"name":"wp","href":"https:\/\/api.w.org\/{rel}","templated":true}]}}