{"id":107417,"date":"2021-10-26T23:28:10","date_gmt":"2021-10-27T04:28:10","guid":{"rendered":"https:\/\/elinformanteperu.com\/?p=107417"},"modified":"2021-10-26T23:28:10","modified_gmt":"2021-10-27T04:28:10","slug":"titular-del-pj-exhorta-a-jueces-a-reafirmar-vocacion-de-servicio-y-erradicar-corrupcion","status":"publish","type":"post","link":"https:\/\/elinformanteperu.com\/index.php\/2021\/10\/26\/titular-del-pj-exhorta-a-jueces-a-reafirmar-vocacion-de-servicio-y-erradicar-corrupcion\/","title":{"rendered":"Titular del PJ exhorta a jueces a reafirmar vocaci\u00f3n de servicio y erradicar corrupci\u00f3n"},"content":{"rendered":"<p><span style=\"color: #000000;\"><strong>Lima, 26 Octubre 2021, (ANDINA).-<\/strong> La presidenta del Poder Judicial, Elvia Barrios Alvarado, exhort\u00f3 a todos los jueces y juezas del pa\u00eds a afirmar su vocaci\u00f3n de servicio con la finalidad de mejorar la administraci\u00f3n de justicia y erradicar la corrupci\u00f3n.<\/span><\/p>\n<p><span style=\"color: #000000;\">\u00abLes pido y exijo a cada uno de ustedes jueces y juezas que afirmen su vocaci\u00f3n de servicio en aras de mejorar la administraci\u00f3n de justicia y erradicar la corrupci\u00f3n y cualquier conducta que la desemboque\u00bb, dijo durante la inauguraci\u00f3n del ciclo de conferencias Integridad, \u00c9tica y Corrupci\u00f3n en la Funci\u00f3n P\u00fablica.<\/span><\/p>\n<p><span style=\"color: #000000;\">La titular del Poder Judicial asegur\u00f3 que primero se tiene que identificar adecuadamente \u00abnuestras funciones, reconocer sus falencias y determinar los riesgos a los que nos encontramos expuestos, solo a partir de ello podemos comenzar a crear los mecanismos de acci\u00f3n para prevenir y sancionar cualquier conducta indebida\u00bb.<\/span><\/p>\n<p><span style=\"color: #000000;\">Asimismo, refiri\u00f3 que la lucha contra la corrupci\u00f3n es un eje transversal en toda la pol\u00edtica de reforma del sistema de justicia, que debe atacar tanto la corrupci\u00f3n externa como interna.<\/span><\/p>\n<p><strong><span style=\"color: #000000;\">Producci\u00f3n<\/span><\/strong><\/p>\n<p><span style=\"color: #000000;\">La magistrada tambi\u00e9n exhort\u00f3 a los magistrados a elevar los est\u00e1ndares de producci\u00f3n, a fin de dar una respuesta oportuna a los justiciables que requieren que sus procesos judiciales sean resueltos con prontitud.<\/span><\/p>\n<p><span style=\"color: #000000;\">En tal sentido, anunci\u00f3 que el Consejo Ejecutivo del Poder Judicial acord\u00f3 que a partir del 1 de noviembre, los jueces, juezas y personal judicial no vulnerable realizar\u00e1 trabajo diario y presencial en dos turnos: ma\u00f1ana y tarde<\/span><\/p>\n<p><span style=\"color: #000000;\">Por su parte, la presidenta de la Comisi\u00f3n de Integridad Judicial, Mariem De La Rosa Bedri\u00f1ana, sostuvo que el evento tiene por finalidad reforzar la \u00e9tica, la transparencia judicial y la lucha contra la corrupci\u00f3n.<\/span><\/p>\n<p><span style=\"color: #000000;\">\u00abLa corrupci\u00f3n como sabemos genera devastadoras consecuencias en la administraci\u00f3n de justicia y en cualquier sector, ya sea p\u00fablico o privado, adem\u00e1s de vulnerar la credibilidad\u00bb, enfatiz\u00f3.<\/span><\/p>\n<p><strong><span style=\"color: #000000;\">Sesi\u00f3n<\/span><\/strong><\/p>\n<p><span style=\"color: #000000;\">En la sesi\u00f3n de hoy, estuvieron como ponentes el viceministro de Justicia, Gilmar And\u00eda Z\u00fa\u00f1iga, quien disert\u00f3 el tema \u201cCompliance P\u00fablico, hacia un solo modelo de cumplimiento y prevenci\u00f3n\u201d.<\/span><\/p>\n<p><span style=\"color: #000000;\">Tambi\u00e9n expuso el adjunto en Asuntos Constitucionales de la Defensor\u00eda del Pueblo, Abrah\u00e1n Garc\u00eda Ch\u00e1varri, con la ponencia \u201cLa importancia de la predictibilidad en la lucha contra la corrupci\u00f3n\u201d.<\/span><\/p>\n","protected":false},"excerpt":{"rendered":"<p>Lima, 26 Octubre 2021, (ANDINA).- La presidenta del Poder Judicial, Elvia Barrios Alvarado, exhort\u00f3 a todos los jueces y juezas del pa\u00eds a afirmar su vocaci\u00f3n de servicio con la finalidad de mejorar la administraci\u00f3n de justicia y erradicar la corrupci\u00f3n. \u00abLes pido y exijo a cada uno de ustedes jueces y juezas que afirmen [&hellip;]<\/p>\n","protected":false},"author":1,"featured_media":107418,"comment_status":"closed","ping_status":"closed","sticky":false,"template":"","format":"standard","meta":{"rop_custom_images_group":[],"rop_custom_messages_group":[],"rop_publish_now":"initial","rop_publish_now_accounts":[],"rop_publish_now_history":[],"rop_publish_now_status":"pending","footnotes":""},"categories":[5],"tags":[6261,163],"class_list":["post-107417","post","type-post","status-publish","format-standard","has-post-thumbnail","hentry","category-actualidad-informativa","tag-elvia-barrios","tag-poder-judicial"],"_links":{"self":[{"href":"https:\/\/elinformanteperu.com\/index.php\/wp-json\/wp\/v2\/posts\/107417","targetHints":{"allow":["GET"]}}],"collection":[{"href":"https:\/\/elinformanteperu.com\/index.php\/wp-json\/wp\/v2\/posts"}],"about":[{"href":"https:\/\/elinformanteperu.com\/index.php\/wp-json\/wp\/v2\/types\/post"}],"author":[{"embeddable":true,"href":"https:\/\/elinformanteperu.com\/index.php\/wp-json\/wp\/v2\/users\/1"}],"replies":[{"embeddable":true,"href":"https:\/\/elinformanteperu.com\/index.php\/wp-json\/wp\/v2\/comments?post=107417"}],"version-history":[{"count":1,"href":"https:\/\/elinformanteperu.com\/index.php\/wp-json\/wp\/v2\/posts\/107417\/revisions"}],"predecessor-version":[{"id":107419,"href":"https:\/\/elinformanteperu.com\/index.php\/wp-json\/wp\/v2\/posts\/107417\/revisions\/107419"}],"wp:featuredmedia":[{"embeddable":true,"href":"https:\/\/elinformanteperu.com\/index.php\/wp-json\/wp\/v2\/media\/107418"}],"wp:attachment":[{"href":"https:\/\/elinformanteperu.com\/index.php\/wp-json\/wp\/v2\/media?parent=107417"}],"wp:term":[{"taxonomy":"category","embeddable":true,"href":"https:\/\/elinformanteperu.com\/index.php\/wp-json\/wp\/v2\/categories?post=107417"},{"taxonomy":"post_tag","embeddable":true,"href":"https:\/\/elinformanteperu.com\/index.php\/wp-json\/wp\/v2\/tags?post=107417"}],"curies":[{"name":"wp","href":"https:\/\/api.w.org\/{rel}","templated":true}]}}