{"id":107415,"date":"2021-10-26T23:20:24","date_gmt":"2021-10-27T04:20:24","guid":{"rendered":"https:\/\/elinformanteperu.com\/?p=107415"},"modified":"2021-10-26T23:20:24","modified_gmt":"2021-10-27T04:20:24","slug":"llega-un-nuevo-lote-de-702000-dosis-de-la-vacuna-pfizer-contra-la-covid-19","status":"publish","type":"post","link":"https:\/\/elinformanteperu.com\/index.php\/2021\/10\/26\/llega-un-nuevo-lote-de-702000-dosis-de-la-vacuna-pfizer-contra-la-covid-19\/","title":{"rendered":"Llega un nuevo lote de 702,000 dosis de la vacuna Pfizer contra la covid-19"},"content":{"rendered":"<p><span style=\"color: #000000;\"><strong>Lima, 26 Octubre 2021, (ANDINA).-<\/strong> Un nuevo lote de 702,000 dosis de la vacuna contra el covid-19 del laboratorio Pfizer arrib\u00f3 esta noche a nuestro pa\u00eds, lo que permitir\u00e1 continuar con el proceso de inmunizaci\u00f3n que viene desarrollando el Gobierno.<\/span><\/p>\n<p><span style=\"color: #000000;\">Seg\u00fan el jefe del Gabinete de Asesores del Ministerio de Salud, Julio Castro, este nuevo lote se complementar\u00e1 con otro del mismo laboratorio de m\u00e1s de 300,000 dosis que llegar\u00e1 el pr\u00f3ximo jueves.<\/span><\/p>\n<p><span style=\"color: #000000;\">Asimismo, precis\u00f3 que la tercera dosis de refuerzo ya se comenz\u00f3 a aplicar a los profesionales de salud, habi\u00e9ndose inmunizado a m\u00e1s de 250,000 personas que integran la primera l\u00ednea en la lucha contra la covid-19.<\/span><\/p>\n<p><span style=\"color: #000000;\">\u00abEsperamos que en los pr\u00f3ximos d\u00edas podamos superar los 500,000 vacunados para que toda la primera l\u00ednea est\u00e9 con sus dosis de refuerzo y tengan un mayor nivel de protecci\u00f3n\u00bb, refiri\u00f3.<\/span><\/p>\n<p><span style=\"color: #000000;\">Adem\u00e1s, explic\u00f3 que tambi\u00e9n se continuar\u00e1 con la tercera dosis para las personas mayores de 65 a\u00f1os y aquellas que tengan alg\u00fan tipo de comorbilidad.<\/span><\/p>\n<p><strong><span style=\"color: #000000;\">Menores de edad<\/span><\/strong><\/p>\n<p><span style=\"color: #000000;\">En otro momento, manifest\u00f3 que la pr\u00f3xima semana se iniciar\u00e1 el proceso de vacunaci\u00f3n para los adolescentes y ni\u00f1os entre los 12 y 17 a\u00f1os.<\/span><\/p>\n<p><span style=\"color: #000000;\">\u00abEsta ser\u00e1 una vacunaci\u00f3n intensa y estamos seguros que lograremos la protecci\u00f3n que contribuya a la normalizaci\u00f3n de las actividades educativas empezando con la semi presencialidad que se hace en diversos centros educativos\u00bb, agreg\u00f3.<\/span><\/p>\n<p><span style=\"color: #000000;\">Castro a\u00f1adi\u00f3 que con este avance en la vacunaci\u00f3n de menores de edad se podr\u00e1 avanzar a la presencialidad en las escuelas del pa\u00eds, previsto para marzo del pr\u00f3ximo a\u00f1o.<\/span><\/p>\n","protected":false},"excerpt":{"rendered":"<p>Lima, 26 Octubre 2021, (ANDINA).- Un nuevo lote de 702,000 dosis de la vacuna contra el covid-19 del laboratorio Pfizer arrib\u00f3 esta noche a nuestro pa\u00eds, lo que permitir\u00e1 continuar con el proceso de inmunizaci\u00f3n que viene desarrollando el Gobierno. Seg\u00fan el jefe del Gabinete de Asesores del Ministerio de Salud, Julio Castro, este nuevo [&hellip;]<\/p>\n","protected":false},"author":1,"featured_media":98033,"comment_status":"closed","ping_status":"closed","sticky":false,"template":"","format":"standard","meta":{"rop_custom_images_group":[],"rop_custom_messages_group":[],"rop_publish_now":"initial","rop_publish_now_accounts":[],"rop_publish_now_history":[],"rop_publish_now_status":"pending","footnotes":""},"categories":[5],"tags":[6364,5939],"class_list":["post-107415","post","type-post","status-publish","format-standard","has-post-thumbnail","hentry","category-actualidad-informativa","tag-pfizer","tag-vacunacion"],"_links":{"self":[{"href":"https:\/\/elinformanteperu.com\/index.php\/wp-json\/wp\/v2\/posts\/107415","targetHints":{"allow":["GET"]}}],"collection":[{"href":"https:\/\/elinformanteperu.com\/index.php\/wp-json\/wp\/v2\/posts"}],"about":[{"href":"https:\/\/elinformanteperu.com\/index.php\/wp-json\/wp\/v2\/types\/post"}],"author":[{"embeddable":true,"href":"https:\/\/elinformanteperu.com\/index.php\/wp-json\/wp\/v2\/users\/1"}],"replies":[{"embeddable":true,"href":"https:\/\/elinformanteperu.com\/index.php\/wp-json\/wp\/v2\/comments?post=107415"}],"version-history":[{"count":1,"href":"https:\/\/elinformanteperu.com\/index.php\/wp-json\/wp\/v2\/posts\/107415\/revisions"}],"predecessor-version":[{"id":107416,"href":"https:\/\/elinformanteperu.com\/index.php\/wp-json\/wp\/v2\/posts\/107415\/revisions\/107416"}],"wp:featuredmedia":[{"embeddable":true,"href":"https:\/\/elinformanteperu.com\/index.php\/wp-json\/wp\/v2\/media\/98033"}],"wp:attachment":[{"href":"https:\/\/elinformanteperu.com\/index.php\/wp-json\/wp\/v2\/media?parent=107415"}],"wp:term":[{"taxonomy":"category","embeddable":true,"href":"https:\/\/elinformanteperu.com\/index.php\/wp-json\/wp\/v2\/categories?post=107415"},{"taxonomy":"post_tag","embeddable":true,"href":"https:\/\/elinformanteperu.com\/index.php\/wp-json\/wp\/v2\/tags?post=107415"}],"curies":[{"name":"wp","href":"https:\/\/api.w.org\/{rel}","templated":true}]}}