{"id":107412,"date":"2021-10-26T23:17:20","date_gmt":"2021-10-27T04:17:20","guid":{"rendered":"https:\/\/elinformanteperu.com\/?p=107412"},"modified":"2021-10-26T23:17:20","modified_gmt":"2021-10-27T04:17:20","slug":"poder-judicial-desarrollara-sus-labores-con-normalidad-el-2-de-noviembre","status":"publish","type":"post","link":"https:\/\/elinformanteperu.com\/index.php\/2021\/10\/26\/poder-judicial-desarrollara-sus-labores-con-normalidad-el-2-de-noviembre\/","title":{"rendered":"Poder Judicial desarrollar\u00e1 sus labores con normalidad el 2 de noviembre"},"content":{"rendered":"<p><span style=\"color: #000000;\"><strong>Lima, 26 Octubre 2021, (ANDINA).-<\/strong> El Consejo Ejecutivo del Poder Judicial (CEPJ), que preside la jueza suprema Elvia Barrios Alvarado, dispuso, como medida excepcional, que las labores jurisdiccionales y administrativas se realicen con normalidad el martes 2 de noviembre.<\/span><\/p>\n<p><span style=\"color: #000000;\">En tal sentido, el \u00f3rgano de gobierno judicial habilit\u00f3 la referida fecha para la realizaci\u00f3n de audiencias, juicios orales y otras actuaciones judiciales programadas para el mencionado d\u00eda.<\/span><\/p>\n<p><span style=\"color: #000000;\">La medida est\u00e1 contenida en la Resoluci\u00f3n Administrativa 000347-2021-CE-PJ, expedida por el CEPJ en el marco de su autonom\u00eda e independencia institucional.<\/span><\/p>\n<p><span style=\"color: #000000;\">Esta norma precisa tambi\u00e9n que los jueces, juezas y personal jurisdiccional o administrativo que opten por hacer uso del feriado no laborable deber\u00e1n presentar su solicitud a la Corte Suprema de la Rep\u00fablica, Consejo Ejecutivo, Corte Superior de Justicia, Oficina de Control de la Magistratura o Gerencia General, y efectuar la recuperaci\u00f3n de las horas dejadas de trabajar a partir del siguiente d\u00eda h\u00e1bil.<\/span><\/p>\n<p><span style=\"color: #000000;\">Asimismo, se\u00f1ala que el art\u00edculo 122 del Texto \u00danico Ordenado de la Ley Org\u00e1nica del Poder Judicial establece que la actividad jurisdiccional comprende todo el a\u00f1o calendario y no puede ser interrumpida por ning\u00fan motivo, salvo las excepciones que se\u00f1ala la ley y los reglamentos.<\/span><\/p>\n<p><span style=\"color: #000000;\">Tambi\u00e9n dispone que la Oficina de Control de la Magistratura (OCMA) y las Oficinas Desconcentradas de Control de la Magistratura (Odecma) supervisen el cumplimiento de la citada medida.<\/span><\/p>\n<p><span style=\"color: #000000;\">Cabe indicar, que el Poder Ejecutivo mediante el Decreto Supremo 161-2021-PCM declar\u00f3, entre otros, d\u00eda no laborable el martes 2 de noviembre de 2021.<\/span><\/p>\n","protected":false},"excerpt":{"rendered":"<p>Lima, 26 Octubre 2021, (ANDINA).- El Consejo Ejecutivo del Poder Judicial (CEPJ), que preside la jueza suprema Elvia Barrios Alvarado, dispuso, como medida excepcional, que las labores jurisdiccionales y administrativas se realicen con normalidad el martes 2 de noviembre. En tal sentido, el \u00f3rgano de gobierno judicial habilit\u00f3 la referida fecha para la realizaci\u00f3n de [&hellip;]<\/p>\n","protected":false},"author":1,"featured_media":107413,"comment_status":"closed","ping_status":"closed","sticky":false,"template":"","format":"standard","meta":{"rop_custom_images_group":[],"rop_custom_messages_group":[],"rop_publish_now":"initial","rop_publish_now_accounts":[],"rop_publish_now_history":[],"rop_publish_now_status":"pending","footnotes":""},"categories":[5],"tags":[163],"class_list":["post-107412","post","type-post","status-publish","format-standard","has-post-thumbnail","hentry","category-actualidad-informativa","tag-poder-judicial"],"_links":{"self":[{"href":"https:\/\/elinformanteperu.com\/index.php\/wp-json\/wp\/v2\/posts\/107412","targetHints":{"allow":["GET"]}}],"collection":[{"href":"https:\/\/elinformanteperu.com\/index.php\/wp-json\/wp\/v2\/posts"}],"about":[{"href":"https:\/\/elinformanteperu.com\/index.php\/wp-json\/wp\/v2\/types\/post"}],"author":[{"embeddable":true,"href":"https:\/\/elinformanteperu.com\/index.php\/wp-json\/wp\/v2\/users\/1"}],"replies":[{"embeddable":true,"href":"https:\/\/elinformanteperu.com\/index.php\/wp-json\/wp\/v2\/comments?post=107412"}],"version-history":[{"count":1,"href":"https:\/\/elinformanteperu.com\/index.php\/wp-json\/wp\/v2\/posts\/107412\/revisions"}],"predecessor-version":[{"id":107414,"href":"https:\/\/elinformanteperu.com\/index.php\/wp-json\/wp\/v2\/posts\/107412\/revisions\/107414"}],"wp:featuredmedia":[{"embeddable":true,"href":"https:\/\/elinformanteperu.com\/index.php\/wp-json\/wp\/v2\/media\/107413"}],"wp:attachment":[{"href":"https:\/\/elinformanteperu.com\/index.php\/wp-json\/wp\/v2\/media?parent=107412"}],"wp:term":[{"taxonomy":"category","embeddable":true,"href":"https:\/\/elinformanteperu.com\/index.php\/wp-json\/wp\/v2\/categories?post=107412"},{"taxonomy":"post_tag","embeddable":true,"href":"https:\/\/elinformanteperu.com\/index.php\/wp-json\/wp\/v2\/tags?post=107412"}],"curies":[{"name":"wp","href":"https:\/\/api.w.org\/{rel}","templated":true}]}}