{"id":107404,"date":"2021-10-26T23:10:43","date_gmt":"2021-10-27T04:10:43","guid":{"rendered":"https:\/\/elinformanteperu.com\/?p=107404"},"modified":"2021-10-26T23:10:43","modified_gmt":"2021-10-27T04:10:43","slug":"presidente-castillo-y-gabinete-asisten-a-honras-funebres-por-congresista-herrera","status":"publish","type":"post","link":"https:\/\/elinformanteperu.com\/index.php\/2021\/10\/26\/presidente-castillo-y-gabinete-asisten-a-honras-funebres-por-congresista-herrera\/","title":{"rendered":"Presidente Castillo y Gabinete asisten a honras f\u00fanebres por congresista Herrera"},"content":{"rendered":"<p><strong><span style=\"color: #000000;\">La ceremonia se realiza en la sede del Congreso<\/span><\/strong><\/p>\n<p><span style=\"color: #000000;\"><strong>Lima, 26 Octubre 2021, (ANDINA).-<\/strong> El presidente Pedro Castillo acompa\u00f1ado por el Gabinete Ministerial, conducido por Mirtha V\u00e1squez, asisten a la ceremonia de honras f\u00fanebres por el parlamentario de Per\u00fa Libre Fernando Herrera Mamani, llevado a cabo por el Congreso de la Rep\u00fablica.<\/span><\/p>\n<p><span style=\"color: #000000;\">El homenaje p\u00f3stumo al fallecido congresista se efect\u00faa en el hall de los Pasos Perdidos del Palacio Legislativo.<\/span><\/p>\n<p><span style=\"color: #000000;\">Fernando Herrera fue maestro de profesi\u00f3n y falleci\u00f3 la tarde de ayer.<\/span><\/p>\n<p><span style=\"color: #000000;\">El Jefe del Estado y su Gabinete en pleno realizaron la guardia de honor al lado del f\u00e9retro mostrando su reconocimiento al desaparecido legislador.<\/span><\/p>\n<p><span style=\"color: #000000;\">Posteriormente, el presidente Castillo tom\u00f3 la palabra y expres\u00f3 sus condolencias a la familia de Herrera y ofreci\u00f3 su apoyo en estos momentos dif\u00edciles.<\/span><\/p>\n<p><span style=\"color: #000000;\">Asimismo, record\u00f3 haber conocido a Herrera en una gesta por la educaci\u00f3n cuando ambos profesaban la docencia y resalt\u00f3 su labor como congresista electo al igual que su preocupaci\u00f3n constante por el desarrollo de su pueblo.<\/span><\/p>\n<p><span style=\"color: #000000;\">Frente a la irreparable p\u00e9rdida de su amigo y compa\u00f1ero docente, el Mandatario reflexion\u00f3 sobre la importancia de estar unidos y no confrontados.<\/span><\/p>\n<p><span style=\"color: #000000;\">\u201cA veces vivimos equivocados, enfrent\u00e1ndonos, confront\u00e1ndonos\u201d, expres\u00f3.<\/span><\/p>\n<p><span style=\"color: #000000;\">\u201cPido en memoria de mi hermano Fernando para que los poderes del Estado nos pongamos de acuerdo de modo que los congresistas, ministros, ya no estemos en zozobra y dejemos esta tierra preocupados de lo que dejemos en esta Patria\u201d, agreg\u00f3.<\/span><\/p>\n<p><span style=\"color: #000000;\">Asimismo, en nombre del compa\u00f1ero fenecido solicit\u00f3 unidad al Congreso.<\/span><\/p>\n<p><span style=\"color: #000000;\">Participan de la ceremonia de homenaje p\u00f3stumo la presidenta del Congreso, Mar\u00eda del Carmen Alva; y los congresistas, quienes tambi\u00e9n hicieron uso de la palabra para recordar a su compa\u00f1ero desaparecido.<\/span><\/p>\n<p><a href=\"https:\/\/elinformanteperu.com\/wp-content\/uploads\/2021\/10\/congresista-fernando-herrera-entierro3.jpg\"><img fetchpriority=\"high\" decoding=\"async\" class=\"alignnone size-full wp-image-107406\" src=\"https:\/\/elinformanteperu.com\/wp-content\/uploads\/2021\/10\/congresista-fernando-herrera-entierro3.jpg\" alt=\"\" width=\"1800\" height=\"1200\" srcset=\"https:\/\/elinformanteperu.com\/wp-content\/uploads\/2021\/10\/congresista-fernando-herrera-entierro3.jpg 1800w, https:\/\/elinformanteperu.com\/wp-content\/uploads\/2021\/10\/congresista-fernando-herrera-entierro3-300x200.jpg 300w, https:\/\/elinformanteperu.com\/wp-content\/uploads\/2021\/10\/congresista-fernando-herrera-entierro3-1024x683.jpg 1024w, https:\/\/elinformanteperu.com\/wp-content\/uploads\/2021\/10\/congresista-fernando-herrera-entierro3-768x512.jpg 768w, https:\/\/elinformanteperu.com\/wp-content\/uploads\/2021\/10\/congresista-fernando-herrera-entierro3-1536x1024.jpg 1536w\" sizes=\"(max-width: 1800px) 100vw, 1800px\" \/><\/a><\/p>\n","protected":false},"excerpt":{"rendered":"<p>La ceremonia se realiza en la sede del Congreso Lima, 26 Octubre 2021, (ANDINA).- El presidente Pedro Castillo acompa\u00f1ado por el Gabinete Ministerial, conducido por Mirtha V\u00e1squez, asisten a la ceremonia de honras f\u00fanebres por el parlamentario de Per\u00fa Libre Fernando Herrera Mamani, llevado a cabo por el Congreso de la Rep\u00fablica. El homenaje p\u00f3stumo [&hellip;]<\/p>\n","protected":false},"author":1,"featured_media":107405,"comment_status":"closed","ping_status":"closed","sticky":false,"template":"","format":"standard","meta":{"rop_custom_images_group":[],"rop_custom_messages_group":[],"rop_publish_now":"initial","rop_publish_now_accounts":[],"rop_publish_now_history":[],"rop_publish_now_status":"pending","footnotes":""},"categories":[5],"tags":[192,2092],"class_list":["post-107404","post","type-post","status-publish","format-standard","has-post-thumbnail","hentry","category-actualidad-informativa","tag-congreso","tag-pedro-castillo"],"_links":{"self":[{"href":"https:\/\/elinformanteperu.com\/index.php\/wp-json\/wp\/v2\/posts\/107404","targetHints":{"allow":["GET"]}}],"collection":[{"href":"https:\/\/elinformanteperu.com\/index.php\/wp-json\/wp\/v2\/posts"}],"about":[{"href":"https:\/\/elinformanteperu.com\/index.php\/wp-json\/wp\/v2\/types\/post"}],"author":[{"embeddable":true,"href":"https:\/\/elinformanteperu.com\/index.php\/wp-json\/wp\/v2\/users\/1"}],"replies":[{"embeddable":true,"href":"https:\/\/elinformanteperu.com\/index.php\/wp-json\/wp\/v2\/comments?post=107404"}],"version-history":[{"count":1,"href":"https:\/\/elinformanteperu.com\/index.php\/wp-json\/wp\/v2\/posts\/107404\/revisions"}],"predecessor-version":[{"id":107407,"href":"https:\/\/elinformanteperu.com\/index.php\/wp-json\/wp\/v2\/posts\/107404\/revisions\/107407"}],"wp:featuredmedia":[{"embeddable":true,"href":"https:\/\/elinformanteperu.com\/index.php\/wp-json\/wp\/v2\/media\/107405"}],"wp:attachment":[{"href":"https:\/\/elinformanteperu.com\/index.php\/wp-json\/wp\/v2\/media?parent=107404"}],"wp:term":[{"taxonomy":"category","embeddable":true,"href":"https:\/\/elinformanteperu.com\/index.php\/wp-json\/wp\/v2\/categories?post=107404"},{"taxonomy":"post_tag","embeddable":true,"href":"https:\/\/elinformanteperu.com\/index.php\/wp-json\/wp\/v2\/tags?post=107404"}],"curies":[{"name":"wp","href":"https:\/\/api.w.org\/{rel}","templated":true}]}}