{"id":107400,"date":"2021-10-26T23:04:01","date_gmt":"2021-10-27T04:04:01","guid":{"rendered":"https:\/\/elinformanteperu.com\/?p=107400"},"modified":"2021-10-26T23:04:01","modified_gmt":"2021-10-27T04:04:01","slug":"congreso-realiza-homenaje-postumo-a-congresista-fernando-herrera","status":"publish","type":"post","link":"https:\/\/elinformanteperu.com\/index.php\/2021\/10\/26\/congreso-realiza-homenaje-postumo-a-congresista-fernando-herrera\/","title":{"rendered":"Congreso realiza homenaje p\u00f3stumo a congresista Fernando Herrera"},"content":{"rendered":"<p><span style=\"color: #000000;\"><strong>Lima, 26 Octubre 2021, (ANDINA).-<\/strong> El Congreso realiza un homenaje p\u00f3stumo al congresista fallecido Fernando Herrera Mamani en el hall de los pasos perdidos del Palacio Legislativo.<\/span><\/p>\n<p><span style=\"color: #000000;\">La actividad inici\u00f3 a las 10:00 horas, con la asistencia de la presidenta del Parlamento, Maricarmen Alva, junto a diversos congresistas.<\/span><\/p>\n<p><span style=\"color: #000000;\">\u00abNuestras diferencias quedan de lado ante esta gran p\u00e9rdida que nos conmueve pero que a la vez nos llama a la reflexi\u00f3n para seguir buscando los consensos necesarios que nos permitan seguir construyendo un futuro mejor para nuestro pa\u00eds\u00bb, coment\u00f3 la presidenta del Congreso.<\/span><\/p>\n<p><span style=\"color: #000000;\">\u00abEl mejor homenaje para Fernando es la renovaci\u00f3n de nuestro compromiso con el pa\u00eds, este pa\u00eds que \u00e9l quiso y sinti\u00f3 desde Tacna, que es el lugar donde nace la Patria y donde se siente especialmente la peruanidad\u00bb, agreg\u00f3.<\/span><\/p>\n<p><span style=\"color: #000000;\">Desde muy temprano, los restos del congresista Herrera Mamani fueron velados en la sede del partido Magisterial y Popular en el Cercado de Lima. Horas despu\u00e9s, fue transportado por varias calles del Cercado de Lima hasta llegar al lugar de la misa.<\/span><\/p>\n<p><span style=\"color: #000000;\">Monse\u00f1or \u00c1ngel Ortega estuvo a cargo de la misa de cuerpo presente en honor al fallecido parlamentario en la capilla Juan Pablo II, a las 09:00 horas.<\/span><\/p>\n<p><span style=\"color: #000000;\">\u201cEs una p\u00e9rdida irreparable, m\u00e1s a\u00fan para quien habla, porque Fernando se sentaba delante de m\u00ed (en el Congreso) y \u00e9ramos parte del peque\u00f1o grupo de maestros que est\u00e1bamos juntos, ayud\u00e1ndonos, protegi\u00e9ndonos, cuid\u00e1ndonos\u201d, manifest\u00f3 el congresista Alex Paredes.<\/span><\/p>\n<p><a href=\"https:\/\/elinformanteperu.com\/wp-content\/uploads\/2021\/10\/congresista-fernando-herrera-entierro1.jpg\"><img fetchpriority=\"high\" decoding=\"async\" class=\"alignnone size-full wp-image-107402\" src=\"https:\/\/elinformanteperu.com\/wp-content\/uploads\/2021\/10\/congresista-fernando-herrera-entierro1.jpg\" alt=\"\" width=\"1800\" height=\"1201\" srcset=\"https:\/\/elinformanteperu.com\/wp-content\/uploads\/2021\/10\/congresista-fernando-herrera-entierro1.jpg 1800w, https:\/\/elinformanteperu.com\/wp-content\/uploads\/2021\/10\/congresista-fernando-herrera-entierro1-300x200.jpg 300w, https:\/\/elinformanteperu.com\/wp-content\/uploads\/2021\/10\/congresista-fernando-herrera-entierro1-1024x683.jpg 1024w, https:\/\/elinformanteperu.com\/wp-content\/uploads\/2021\/10\/congresista-fernando-herrera-entierro1-768x512.jpg 768w, https:\/\/elinformanteperu.com\/wp-content\/uploads\/2021\/10\/congresista-fernando-herrera-entierro1-1536x1025.jpg 1536w\" sizes=\"(max-width: 1800px) 100vw, 1800px\" \/><\/a><\/p>\n","protected":false},"excerpt":{"rendered":"<p>Lima, 26 Octubre 2021, (ANDINA).- El Congreso realiza un homenaje p\u00f3stumo al congresista fallecido Fernando Herrera Mamani en el hall de los pasos perdidos del Palacio Legislativo. La actividad inici\u00f3 a las 10:00 horas, con la asistencia de la presidenta del Parlamento, Maricarmen Alva, junto a diversos congresistas. \u00abNuestras diferencias quedan de lado ante esta [&hellip;]<\/p>\n","protected":false},"author":1,"featured_media":107401,"comment_status":"closed","ping_status":"closed","sticky":false,"template":"","format":"standard","meta":{"rop_custom_images_group":[],"rop_custom_messages_group":[],"rop_publish_now":"initial","rop_publish_now_accounts":[],"rop_publish_now_history":[],"rop_publish_now_status":"pending","footnotes":""},"categories":[5],"tags":[192,6861,5006],"class_list":["post-107400","post","type-post","status-publish","format-standard","has-post-thumbnail","hentry","category-actualidad-informativa","tag-congreso","tag-fernando-herrera-mamani","tag-peru-libre"],"_links":{"self":[{"href":"https:\/\/elinformanteperu.com\/index.php\/wp-json\/wp\/v2\/posts\/107400","targetHints":{"allow":["GET"]}}],"collection":[{"href":"https:\/\/elinformanteperu.com\/index.php\/wp-json\/wp\/v2\/posts"}],"about":[{"href":"https:\/\/elinformanteperu.com\/index.php\/wp-json\/wp\/v2\/types\/post"}],"author":[{"embeddable":true,"href":"https:\/\/elinformanteperu.com\/index.php\/wp-json\/wp\/v2\/users\/1"}],"replies":[{"embeddable":true,"href":"https:\/\/elinformanteperu.com\/index.php\/wp-json\/wp\/v2\/comments?post=107400"}],"version-history":[{"count":1,"href":"https:\/\/elinformanteperu.com\/index.php\/wp-json\/wp\/v2\/posts\/107400\/revisions"}],"predecessor-version":[{"id":107403,"href":"https:\/\/elinformanteperu.com\/index.php\/wp-json\/wp\/v2\/posts\/107400\/revisions\/107403"}],"wp:featuredmedia":[{"embeddable":true,"href":"https:\/\/elinformanteperu.com\/index.php\/wp-json\/wp\/v2\/media\/107401"}],"wp:attachment":[{"href":"https:\/\/elinformanteperu.com\/index.php\/wp-json\/wp\/v2\/media?parent=107400"}],"wp:term":[{"taxonomy":"category","embeddable":true,"href":"https:\/\/elinformanteperu.com\/index.php\/wp-json\/wp\/v2\/categories?post=107400"},{"taxonomy":"post_tag","embeddable":true,"href":"https:\/\/elinformanteperu.com\/index.php\/wp-json\/wp\/v2\/tags?post=107400"}],"curies":[{"name":"wp","href":"https:\/\/api.w.org\/{rel}","templated":true}]}}