{"id":107397,"date":"2021-10-26T22:59:44","date_gmt":"2021-10-27T03:59:44","guid":{"rendered":"https:\/\/elinformanteperu.com\/?p=107397"},"modified":"2021-10-26T22:59:44","modified_gmt":"2021-10-27T03:59:44","slug":"voto-de-confianza-conoce-los-ejes-centrales-de-la-politica-general-del-gobierno","status":"publish","type":"post","link":"https:\/\/elinformanteperu.com\/index.php\/2021\/10\/26\/voto-de-confianza-conoce-los-ejes-centrales-de-la-politica-general-del-gobierno\/","title":{"rendered":"Voto de confianza: conoce los ejes centrales de la pol\u00edtica general del Gobierno"},"content":{"rendered":"<p><span style=\"color: #000000;\"><strong>Lima, 26 Octubre 2021, (ANDINA).-<\/strong> La Presidenta del Consejo de Ministros, Mirtha V\u00e1squez, explic\u00f3 ayer los lineamientos de la Pol\u00edtica General de Gobierno cuyo eje central son los derechos b\u00e1sicos de la gente. Conoce los diez puntos de dicho planteamiento<\/span><\/p>\n<p><strong><span style=\"color: #000000;\">Lucha contra pandemia de la covid-19<\/span><\/strong><\/p>\n<p><span style=\"color: #000000;\">Se potenciar\u00e1n las acciones de lucha contra la pandemia de la covid-19, principalmente la vacunaci\u00f3n y la atenci\u00f3n hospitalaria. El Ejecutivo presentar\u00e1 la propuesta de Ley de Unificaci\u00f3n del Sistema Nacional de Salud y que se implementar\u00e1n 300 nuevos centros de salud mental comunitaria y el fortalecimiento de los 203 ya existentes.<\/span><\/p>\n<p><span style=\"color: #000000;\">Para cerrar la brecha de infraestructura en Salud se desarrollan proyectos de inversi\u00f3n por 2.3 mil millones de soles, entre los cuales se encuentra la construcci\u00f3n de un hospital de nivel III para San Juan de Lurigancho y el Plan Nacional de Construcci\u00f3n de Infraestructura Hospitalaria, que se coordinar\u00e1 con los gobiernos regionales de la zona del Vraem.<\/span><\/p>\n<p><strong><span style=\"color: #000000;\">\u00c9nfasis en la salud mental<\/span><\/strong><\/p>\n<p><span style=\"color: #000000;\">Entre el 5% y el 20% de la poblaci\u00f3n afectada por alg\u00fan problema de salud mental accede a un servicio, se\u00f1al\u00f3 la jefa del Gabinete Ministerial, Mirtha V\u00e1squez, quien agreg\u00f3 que el Gobierno de Pedro Castillo pretende cambiar esta situaci\u00f3n.<\/span><\/p>\n<p><span style=\"color: #000000;\">Se\u00f1al\u00f3 que la propuesta del Poder Ejecutivo es lograr que el 100% de las provincias del pa\u00eds cuente con servicios de salud mental comunitaria integrados a la red de salud. Por ello, se implementar\u00e1 300 nuevos centros de salud mental comunitaria y el fortalecimiento de los 203 ya existentes.<\/span><\/p>\n<p><strong><span style=\"color: #000000;\">Seguridad alimentaria<\/span><\/strong><\/p>\n<p><span style=\"color: #000000;\">Se viene implementado un registro unificado de comedores y ollas comunes. A la fecha, se han identificado m\u00e1s de 2500 olas comunes registradas en la plataforma Canastas Per\u00fa. Dentro del Presupuesto P\u00fablico para el 2022 que se ha presentado al Congreso, se garantiza la continuidad del servicio de atenci\u00f3n alimentaria de Qali Warma, cuya cobertura ser\u00e1 ampliada desde el 2023.<\/span><\/p>\n<p><strong><span style=\"color: #000000;\">Lucha contra la desnutrici\u00f3n infantil, la anemia y programas sociales<\/span><\/strong><\/p>\n<p><span style=\"color: #000000;\">La anemia constituye un problema de la salud p\u00fablica grave, por ello, el Gobierno se compromete a fortalecer la prevenci\u00f3n y control de la desnutrici\u00f3n y la anemia del 100% de ni\u00f1as y ni\u00f1os menores de 3 a\u00f1os.<\/span><\/p>\n<p><span style=\"color: #000000;\">A diciembre del 2021, producto del trabajo articulado del Minsa y Midis con los gobiernos regionales y locales, se tiene previsto lograr que 500 mil ni\u00f1as y ni\u00f1os reciban atenciones para la prevenci\u00f3n y control de la anemia a nivel nacional.<\/span><\/p>\n<p><span style=\"color: #000000;\">Adem\u00e1s, se aprobar\u00e1 la Pol\u00edtica de Desarrollo e Inclusi\u00f3n Social centrada en las personas y basada en la coordinaci\u00f3n con otros sectores y niveles de gobierno. Para ello se desarrollar\u00e1, durante el 2022, un observatorio de desarrollo e inclusi\u00f3n social.<\/span><\/p>\n<p><strong><span style=\"color: #000000;\">Bono Yanapay<\/span><\/strong><\/p>\n<p><span style=\"color: #000000;\">Este bono ha beneficiado a 13,5 millones de ciudadanos que fueron afectados por la pandemia. Por primera vez se viene entregando un bono a cada miembro integrante del hogar, con el fin de garantizar la cobertura de las necesidades b\u00e1sicas de los hogares peruanos cuyos ingresos pudieron haberse visto afectados por la pandemia de la COVID-19\u201d, remarc\u00f3 V\u00e1squez.<\/span><\/p>\n<p><strong><span style=\"color: #000000;\">Segunda reforma agraria<\/span><\/strong><\/p>\n<p><span style=\"color: #000000;\">De otro lado, en el marco de la Segunda Reforma Agraria, se\u00f1al\u00f3 que se impulsar\u00e1 la Ley de Cooperativas y se aprobar\u00e1 el Reglamento del Registro Nacional de Cooperativas Agrarias.<\/span><\/p>\n<p><strong><span style=\"color: #000000;\">Reactivaci\u00f3n econ\u00f3mica con justicia social<\/span><\/strong><\/p>\n<p><span style=\"color: #000000;\">V\u00e1squez Chuquil\u00edn enfatiz\u00f3 que uno de los objetivos principales del Gobierno es la reactivaci\u00f3n de la econom\u00eda, que permita generar puestos de trabajo. \u201cNuestro objetivo es que para el 2021 crezcamos m\u00e1s del 10.5% y para el 2022, m\u00e1s del 4.8%, con un promedio de 5,5% en el periodo 2021-2025. Como ha dicho el Fondo Monetario Internacional, estas proyecciones son factibles y colocar\u00e1n a nuestro pa\u00eds como el de mayor crecimiento en la regi\u00f3n en este y el pr\u00f3ximo a\u00f1o\u201d, indic\u00f3 V\u00e1squez.<\/span><\/p>\n<p><strong><span style=\"color: #000000;\">Promoci\u00f3n y reactivaci\u00f3n de la actividad tur\u00edstica<\/span><\/strong><\/p>\n<p><span style=\"color: #000000;\">Mediante el programa \u201cTurismo Emprende\u201d, la primera ministra destac\u00f3 que se beneficiar\u00e1 hasta 770 MYPEs del sector turismo en las 25 regiones del pa\u00eds. Asimismo, tambi\u00e9n se crear\u00e1 un Fondo de Est\u00edmulo del Desempe\u00f1o, que busca brindar el soporte t\u00e9cnico-financiero a los gobiernos regionales y locales para mejorar la gesti\u00f3n del turismo en casa uno de los territorios, bajo un enfoque de competitividad.<\/span><\/p>\n<p><strong><span style=\"color: #000000;\">Promoci\u00f3n de empleo con derechos<\/span><\/strong><\/p>\n<p><span style=\"color: #000000;\">V\u00e1squez se\u00f1al\u00f3 que 11 250 personas ser\u00e1n beneficiadas con servicios de Capacitaci\u00f3n Laboral, Capacitaci\u00f3n para el Autoempleo, Certificaci\u00f3n de Competencias Laborales y Becas \u201cJ\u00f3venes Bicentenario\u201d. \u201cDesconcentraremos los servicios de inspecci\u00f3n del trabajo en cada regi\u00f3n del pa\u00eds, con la meta de instalar a julio del 2023 10 nuevas plataformas de inspecci\u00f3n del trabajo cercanas a la clase trabajadora y sus centros de trabajo\u201d, mencion\u00f3.<\/span><\/p>\n<p><strong><span style=\"color: #000000;\">Promoci\u00f3n de la inversi\u00f3n privada<\/span><\/strong><\/p>\n<p><span style=\"color: #000000;\">V\u00e1squez habl\u00f3 de la asignaci\u00f3n de S\/3 000 millones a los Gobiernos regionales y locales para la aceleraci\u00f3n de inversiones vinculadas al cierre de brechas de infraestructura y acceso a los servicios de diferentes sectores, tales como salud, educaci\u00f3n y agricultura, entre otros.<\/span><\/p>\n<p><strong><span style=\"color: #000000;\">Inversi\u00f3n para dotaci\u00f3n de servicios b\u00e1sicos<\/span><\/strong><\/p>\n<p><span style=\"color: #000000;\">Debido a que existen localidades rurales que no cuentan con ning\u00fan servicio p\u00fablico de telecomunicaciones, el Gobierno adjudicar\u00e1 en los pr\u00f3ximos meses un concurso p\u00fablico de bandas AWS-3 y 2.3 GHz, con el objetivo de incentivar inversiones obligatorias directas y en corto plazo.<\/span><\/p>\n<p><span style=\"color: #000000;\">\u201cComo m\u00ednimo, 1561 localidades rurales tendr\u00e1n cobertura m\u00f3vil de la tecnolog\u00eda 4G y, con ello, podr\u00e1n contar con servicios digitales\u201d, precis\u00f3. Asimismo, se impulsar\u00e1n 21 proyectos de electrificaci\u00f3n rural, lo que representa una inversi\u00f3n de 354.5 millones. Esto beneficiar\u00e1 a m\u00e1s de 91 mil habitantes de 977 localidades de las regiones \u00c1ncash, Apur\u00edmac, Ayacucho y Cajamarca.<\/span><\/p>\n<p><strong><span style=\"color: #000000;\">Reforma tributaria<\/span><\/strong><\/p>\n<p><span style=\"color: #000000;\">V\u00e1squez se\u00f1al\u00f3 que el objetivo es implementar una reforma tributaria que permita generar ingresos adicionales sin comprometer la competitividad de la econom\u00eda, ni afectar derechos adquiridos por inversionistas.<\/span><\/p>\n<p><span style=\"color: #000000;\">En el caso del sistema de pensiones, V\u00e1squez indic\u00f3 que actualmente se elabora una reforma integral de la ONP y de las AFPs. \u201cNuestro objetivo es aumentar la cobertura de la pensi\u00f3n 65 como pilar p\u00fablico de un sistema nacional de pensiones que responda a las necesidades de la mayor\u00edas\u201d, explic\u00f3.<\/span><\/p>\n<p><strong><span style=\"color: #000000;\">Retorno seguro e inclusivo a las aulas<\/span><\/strong><\/p>\n<p><span style=\"color: #000000;\">La jefa del Gabinete Ministerial manifest\u00f3, asimismo, la voluntad del Ejecutivo de garantizar un retorno seguro e inclusivo a las aulas, destacando la asignaci\u00f3n de recursos para el sector Educaci\u00f3n. \u201cHemos propuesto en el proyecto de la ley de presupuesto 2022, enviado al Congreso, un incremento significativo en los recursos para el sector Educaci\u00f3n que representa el mayor incremento en los \u00faltimos tres a\u00f1os, contemplando S\/ 2,626 millones adicionales\u201d.<\/span><\/p>\n<p><span style=\"color: #000000;\">A\u00f1adi\u00f3 que se destinar\u00e1n 593 millones para finalizar la entrega de tablets con internet, contratar plan de datos para Educaci\u00f3n B\u00e1sica y Superior, as\u00ed como el fortalecimiento de Aprendo en Casa, Per\u00fa Educa y los Territoriales Tecnol\u00f3gicos.<\/span><\/p>\n<p><strong><span style=\"color: #000000;\">Descentralizaci\u00f3n<\/span><\/strong><\/p>\n<p><span style=\"color: #000000;\">De acuerdo con la presidenta del Consejo de Ministros, se impulsar\u00e1 el fortalecimiento del Consejo de Coordinaci\u00f3n Intergubernamental, recientemente instalado en el mes de agosto. \u201cAhora corresponde reestructurar los espacios del GORE y MUNI ejecutivo con mayor enfoque de la gesti\u00f3n descentralizada y eficacia en el cumplimiento de los acuerdos\u201d, precis\u00f3.<\/span><\/p>\n<p><strong><span style=\"color: #000000;\">Lucha contra la violencia y corrupci\u00f3n<\/span><\/strong><\/p>\n<p><span style=\"color: #000000;\">El Gobierno impulsar\u00e1 la creaci\u00f3n del Sistema Nacional de Cuidados para: proteger el derecho al cuidado de ni\u00f1as, ni\u00f1os y adolescentes, personas adultas mayores y personas con discapacidad en situaci\u00f3n de dependencia o de quienes lo requieran. Adem\u00e1s, se garantizar\u00e1n las condiciones adecuada y de derechos de las personas que brindan estos cuidados.<\/span><\/p>\n<p><span style=\"color: #000000;\">Se presentar\u00e1, de acuerdo con V\u00e1squez, una iniciativa legislativa que aborde esta problem\u00e1tica y desarrolle el funcionamiento del sistema. Adem\u00e1s, se fortalecer\u00e1 el Sistema Nacional Especializado de Justicia, dot\u00e1ndolo de mayor presupuesto para que se garantice su acceso, calidad y continuidad a nivel nacional.<\/span><\/p>\n<p><strong><span style=\"color: #000000;\">Lucha contra las drogas y narcotr\u00e1fico<\/span><\/strong><\/p>\n<p><span style=\"color: #000000;\">\u201cQueremos lograr, bajo el liderazgo de una Devida fortalecida, acuerdos vinculantes con los productores para un nuevo empadronamiento y la adopci\u00f3n de un control social que ayude al cumplimiento de la ley y a reducir las \u00e1reas y la producci\u00f3n de coca impulsando la pol\u00edtica de cultivos alternativos\u201d, indic\u00f3.<\/span><\/p>\n<p><span style=\"color: #000000;\">En cuanto a la protecci\u00f3n de los derechos humanos, se dijo que se fortalecer\u00e1 y dotar\u00e1 de recursos para una adecuada implementaci\u00f3n de las medidas de prevenci\u00f3n y protecci\u00f3n previstas por el \u201cMecanismo intersectorial para la protecci\u00f3n de personas defensoras de derechos humanos\u201d. Por otro lado, se priorizar\u00e1 el proceso de b\u00fasqueda de personas desaparecidas con enfoque humanitario.<\/span><\/p>\n<p><strong><span style=\"color: #000000;\">Fiscalizaci\u00f3n ambiental y cambio clim\u00e1tico<\/span><\/strong><\/p>\n<p><span style=\"color: #000000;\">Se aprobar\u00e1 la Declaratoria de Emergencia Clim\u00e1tica, con el liderazgo del Ministerio del Ambiente y en coordinaci\u00f3n con los Ministerios de Energ\u00eda y Minas, de Desarrollo Agrario y Riego, de Salud y de Econom\u00eda y Finanzas.<\/span><\/p>\n<p><strong><span style=\"color: #000000;\">Integraci\u00f3n fronteriza<\/span><\/strong><\/p>\n<p><span style=\"color: #000000;\">Se buscar\u00e1 \u201crelanzar la integraci\u00f3n sudamericana como pol\u00edtica de Estado, en respeto y concertaci\u00f3n de las distintas perspectivas, para renovar la visi\u00f3n de la Comunidad Andina en materia de libre comercio, cierre de brechas sociales, integraci\u00f3n f\u00edsica e interconexi\u00f3n energ\u00e9tica y digital\u201d, precis\u00f3 la premier.<\/span><\/p>\n<p><span style=\"color: #000000;\">Adem\u00e1s, se impulsar\u00e1 la integraci\u00f3n fronteriza, sin distinciones ideol\u00f3gicas, a trav\u00e9s de los gabinetes binacionales con Ecuador, Colombia, Bolivia y Chile.<\/span><\/p>\n<p><strong><span style=\"color: #000000;\">Enfrentar el racismo y la discriminaci\u00f3n<\/span><\/strong><\/p>\n<p><span style=\"color: #000000;\">Se precis\u00f3 que este gobierno apostar\u00e1 por un Estado intercultural para la construcci\u00f3n de una ciudadan\u00eda y una democracia inclusivas. Adem\u00e1s, como un paso m\u00e1s hacia el reconocimiento de los pueblos ind\u00edgenas y originarios, se promover\u00e1 el uso del registro de conocimientos colectivos de los Pueblos Ind\u00edgenas, vinculado a recursos biol\u00f3gicos.<\/span><\/p>\n<p><strong><span style=\"color: #000000;\">Ciencia y acceso a la tecnolog\u00eda<\/span><\/strong><\/p>\n<p><span style=\"color: #000000;\">Se anunci\u00f3 la promulgaci\u00f3n de la Pol\u00edtica Nacional de Transformaci\u00f3n digital, debido a que esta se ha convertido en una pieza fundamental para que los pa\u00edses aceleren la reactivaci\u00f3n econ\u00f3mica de las familias, los negocios y las comunidades.<\/span><\/p>\n<p><span style=\"color: #000000;\"> Asimismo, anunci\u00f3 que en diciembre se lanzar\u00e1 la primera versi\u00f3n de la Plataforma Nacional de Autenticaci\u00f3n de la Identidad Digital IDGOB:PE, que permitir\u00e1 que la ciudadan\u00eda ingrese con una sola clave a los servicios del Estado de manera progresiva.<\/span><\/p>\n","protected":false},"excerpt":{"rendered":"<p>Lima, 26 Octubre 2021, (ANDINA).- La Presidenta del Consejo de Ministros, Mirtha V\u00e1squez, explic\u00f3 ayer los lineamientos de la Pol\u00edtica General de Gobierno cuyo eje central son los derechos b\u00e1sicos de la gente. Conoce los diez puntos de dicho planteamiento Lucha contra pandemia de la covid-19 Se potenciar\u00e1n las acciones de lucha contra la pandemia [&hellip;]<\/p>\n","protected":false},"author":1,"featured_media":107398,"comment_status":"closed","ping_status":"closed","sticky":false,"template":"","format":"standard","meta":{"rop_custom_images_group":[],"rop_custom_messages_group":[],"rop_publish_now":"initial","rop_publish_now_accounts":[],"rop_publish_now_history":[],"rop_publish_now_status":"pending","footnotes":""},"categories":[5],"tags":[192,6041],"class_list":["post-107397","post","type-post","status-publish","format-standard","has-post-thumbnail","hentry","category-actualidad-informativa","tag-congreso","tag-mirtha-vasquez"],"_links":{"self":[{"href":"https:\/\/elinformanteperu.com\/index.php\/wp-json\/wp\/v2\/posts\/107397","targetHints":{"allow":["GET"]}}],"collection":[{"href":"https:\/\/elinformanteperu.com\/index.php\/wp-json\/wp\/v2\/posts"}],"about":[{"href":"https:\/\/elinformanteperu.com\/index.php\/wp-json\/wp\/v2\/types\/post"}],"author":[{"embeddable":true,"href":"https:\/\/elinformanteperu.com\/index.php\/wp-json\/wp\/v2\/users\/1"}],"replies":[{"embeddable":true,"href":"https:\/\/elinformanteperu.com\/index.php\/wp-json\/wp\/v2\/comments?post=107397"}],"version-history":[{"count":1,"href":"https:\/\/elinformanteperu.com\/index.php\/wp-json\/wp\/v2\/posts\/107397\/revisions"}],"predecessor-version":[{"id":107399,"href":"https:\/\/elinformanteperu.com\/index.php\/wp-json\/wp\/v2\/posts\/107397\/revisions\/107399"}],"wp:featuredmedia":[{"embeddable":true,"href":"https:\/\/elinformanteperu.com\/index.php\/wp-json\/wp\/v2\/media\/107398"}],"wp:attachment":[{"href":"https:\/\/elinformanteperu.com\/index.php\/wp-json\/wp\/v2\/media?parent=107397"}],"wp:term":[{"taxonomy":"category","embeddable":true,"href":"https:\/\/elinformanteperu.com\/index.php\/wp-json\/wp\/v2\/categories?post=107397"},{"taxonomy":"post_tag","embeddable":true,"href":"https:\/\/elinformanteperu.com\/index.php\/wp-json\/wp\/v2\/tags?post=107397"}],"curies":[{"name":"wp","href":"https:\/\/api.w.org\/{rel}","templated":true}]}}