{"id":107392,"date":"2021-10-26T22:47:03","date_gmt":"2021-10-27T03:47:03","guid":{"rendered":"https:\/\/elinformanteperu.com\/?p=107392"},"modified":"2021-10-26T22:47:03","modified_gmt":"2021-10-27T03:47:03","slug":"voto-de-confianza-conoce-los-proyectos-que-presentara-el-ejecutivo-al-parlamento","status":"publish","type":"post","link":"https:\/\/elinformanteperu.com\/index.php\/2021\/10\/26\/voto-de-confianza-conoce-los-proyectos-que-presentara-el-ejecutivo-al-parlamento\/","title":{"rendered":"Voto de confianza: conoce los proyectos que presentar\u00e1 el Ejecutivo al Parlamento"},"content":{"rendered":"<p><span style=\"color: #000000;\"><strong>Lima, 26 Octubre 2021, (ANDINA).-<\/strong> La presidenta del Consejo de Ministros, Mirtha V\u00e1squez, expuso ayer ante el Congreso la Pol\u00edtica General de Gobierno que enfatiza el trabajo por la igualdad, la lucha contra la corrupci\u00f3n, la reducci\u00f3n de la pobreza y la reactivaci\u00f3n econ\u00f3mica.<\/span><\/p>\n<p><span style=\"color: #000000;\">En ese marco y para garantizar el desarrollo del mismo, el Poder Ejecutivo tiene previsto presentar ocho proyectos de ley orientados al sector Salud, segunda reforma agraria y econom\u00eda.<\/span><\/p>\n<p><span style=\"color: #000000;\">Conoce las propuestas que presentar\u00e1 al Congreso.<\/span><\/p>\n<p><span style=\"color: #000000;\"><strong>1. Ley de unificaci\u00f3n del Sistema Nacional de Salud.<\/strong> Este proyecto se ver\u00e1 desde dos perspectivas: la prestaci\u00f3n del servicio y el financiamiento. Mirtha V\u00e1squez explic\u00f3 que se tratar\u00e1 de una propuesta progresiva y coordinada con los subsectores del sistema actual, respetando a las instituciones e incluir\u00e1 la agenda digital unificada de salud.<\/span><\/p>\n<p><span style=\"color: #000000;\"><strong>2. Ley de cooperativas.<\/strong> Iniciativa en beneficio de las 3,000 cooperativas activas en todo el pa\u00eds, promoviendo la organizaci\u00f3n y el funcionamiento de estas, brind\u00e1ndoles un mayor impulso, fortalecimiento y reconocimiento al sector cooperativo.<\/span><\/p>\n<p><span style=\"color: #000000;\"><strong>3. Ley de asistencia econ\u00f3mica de ni\u00f1as, ni\u00f1os y adolescentes que se encuentran en estado de orfandad debido a la pandemia.<\/strong> Se trata de un anteproyecto de ley que permitir\u00e1 que antes del t\u00e9rmino de este gobierno m\u00e1s de 50,000 ni\u00f1os, ni\u00f1as y adolescentes sean beneficiados.<\/span><\/p>\n<p><span style=\"color: #000000;\"><strong>4. Ley de peque\u00f1a miner\u00eda y miner\u00eda artesanal.<\/strong> Este proyecto brindar\u00e1 soluciones definitivas a los problemas de la miner\u00eda de peque\u00f1a escala y no siga estableciendo medidas temporales para su formalizaci\u00f3n.<\/span><\/p>\n<p><span style=\"color: #000000;\"><strong>5. Proyecto de ley que permita la implementaci\u00f3n del Sistema 911.<\/strong> Esta propuesta tiene como fin que se \u00abarticule a las entidades de primera respuesta (PNP, SAMU y los bomberos); as\u00ed como la habilitaci\u00f3n del acceso a la geolocalizaci\u00f3n en tiempo real de las personas que requieren la atenci\u00f3n a alguna emergencia o urgencia\u00bb.<\/span><\/p>\n<p><span style=\"color: #000000;\"><strong>6. Ley de promoci\u00f3n del desarrollo del investigador cient\u00edfico.<\/strong> Ser\u00e1 una gran herramienta para fomentar la investigaci\u00f3n como una l\u00ednea de carrera. Incentivando, de esta manera, la generaci\u00f3n de conocimiento y de tecnolog\u00eda propia.<\/span><\/p>\n<p><span style=\"color: #000000;\"><strong>7. Proyecto de la ley de presupuesto 2022.<\/strong> Un incremento significativo en los recursos para el sector Educaci\u00f3n que representa el mayor incremento en los \u00faltimos tres a\u00f1os, contemplando S\/ 2,626 millones adicionales. De este modo, en total se destinan S\/ 35,758 millones a Educaci\u00f3n; es decir, casi la quinta parte del presupuesto total.<\/span><\/p>\n<p><span style=\"color: #000000;\"><strong>8. Proyecto de ley de ordenamiento territorial.<\/strong> Permitir\u00e1 construir el marco institucional sobre el cual cimentar los procesos para el uso y manejo del territorio.<\/span><\/p>\n","protected":false},"excerpt":{"rendered":"<p>Lima, 26 Octubre 2021, (ANDINA).- La presidenta del Consejo de Ministros, Mirtha V\u00e1squez, expuso ayer ante el Congreso la Pol\u00edtica General de Gobierno que enfatiza el trabajo por la igualdad, la lucha contra la corrupci\u00f3n, la reducci\u00f3n de la pobreza y la reactivaci\u00f3n econ\u00f3mica. En ese marco y para garantizar el desarrollo del mismo, el [&hellip;]<\/p>\n","protected":false},"author":1,"featured_media":104238,"comment_status":"closed","ping_status":"closed","sticky":false,"template":"","format":"standard","meta":{"rop_custom_images_group":[],"rop_custom_messages_group":[],"rop_publish_now":"initial","rop_publish_now_accounts":[],"rop_publish_now_history":[],"rop_publish_now_status":"pending","footnotes":""},"categories":[5],"tags":[192,6041],"class_list":["post-107392","post","type-post","status-publish","format-standard","has-post-thumbnail","hentry","category-actualidad-informativa","tag-congreso","tag-mirtha-vasquez"],"_links":{"self":[{"href":"https:\/\/elinformanteperu.com\/index.php\/wp-json\/wp\/v2\/posts\/107392","targetHints":{"allow":["GET"]}}],"collection":[{"href":"https:\/\/elinformanteperu.com\/index.php\/wp-json\/wp\/v2\/posts"}],"about":[{"href":"https:\/\/elinformanteperu.com\/index.php\/wp-json\/wp\/v2\/types\/post"}],"author":[{"embeddable":true,"href":"https:\/\/elinformanteperu.com\/index.php\/wp-json\/wp\/v2\/users\/1"}],"replies":[{"embeddable":true,"href":"https:\/\/elinformanteperu.com\/index.php\/wp-json\/wp\/v2\/comments?post=107392"}],"version-history":[{"count":1,"href":"https:\/\/elinformanteperu.com\/index.php\/wp-json\/wp\/v2\/posts\/107392\/revisions"}],"predecessor-version":[{"id":107393,"href":"https:\/\/elinformanteperu.com\/index.php\/wp-json\/wp\/v2\/posts\/107392\/revisions\/107393"}],"wp:featuredmedia":[{"embeddable":true,"href":"https:\/\/elinformanteperu.com\/index.php\/wp-json\/wp\/v2\/media\/104238"}],"wp:attachment":[{"href":"https:\/\/elinformanteperu.com\/index.php\/wp-json\/wp\/v2\/media?parent=107392"}],"wp:term":[{"taxonomy":"category","embeddable":true,"href":"https:\/\/elinformanteperu.com\/index.php\/wp-json\/wp\/v2\/categories?post=107392"},{"taxonomy":"post_tag","embeddable":true,"href":"https:\/\/elinformanteperu.com\/index.php\/wp-json\/wp\/v2\/tags?post=107392"}],"curies":[{"name":"wp","href":"https:\/\/api.w.org\/{rel}","templated":true}]}}