{"id":107270,"date":"2021-10-25T22:58:25","date_gmt":"2021-10-26T03:58:25","guid":{"rendered":"https:\/\/elinformanteperu.com\/?p=107270"},"modified":"2021-10-25T22:58:25","modified_gmt":"2021-10-26T03:58:25","slug":"municipalidad-de-pueblo-libre-inicia-renovacion-de-pistas-con-baches","status":"publish","type":"post","link":"https:\/\/elinformanteperu.com\/index.php\/2021\/10\/25\/municipalidad-de-pueblo-libre-inicia-renovacion-de-pistas-con-baches\/","title":{"rendered":"Municipalidad de Pueblo Libre inicia renovaci\u00f3n de pistas con baches"},"content":{"rendered":"<p><span style=\"color: #000000;\"><strong>Lima, 25 Octubre 2021, (ANDINA).-<\/strong> Maquinaria pesada comenz\u00f3 ayer a levantar el pavimento en la cuadra 27 del jir\u00f3n Santiago Wagner, en Pueblo Libre, como parte de los trabajos de renovaci\u00f3n de pistas que ha emprendido la actual gesti\u00f3n del distrito.<\/span><\/p>\n<p><span style=\"color: #000000;\">Los trabajos comprenden tambi\u00e9n el asfaltado total de las cuadras 3, 4 y 5 del jir\u00f3n San Jos\u00e9 y la cuadra 9 de la calle Virrey M. de Guirior, donde las pistas est\u00e1n llenas de baches, lo que afecta el normal tr\u00e1nsito desde y hacia la avenida La Marina.<\/span><\/p>\n<p><span style=\"color: #000000;\">\u201cEstamos atendiendo el pedido de los vecinos, pues es evidente que el deterioro es consecuencia de la falta de mantenimiento desde hace m\u00e1s de 20 a\u00f1os. Hemos priorizado la zona, pero tambi\u00e9n comenzamos en unos d\u00edas en otras calles como Jos\u00e9 Ram\u00f3n Pizarro y NN2, as\u00ed como JJ Pasos y Juan Pablo Fernandini\u201d, explic\u00f3 el alcalde Stephen Haas del Carpio.<\/span><\/p>\n<p><span style=\"color: #000000;\">Los trabajos, precis\u00f3 el alcalde, concluir\u00e1n en 45 d\u00edas, tiempo durante el cual se generar\u00e1n molestias a los vecinos, aunque por una raz\u00f3n justificable.<\/span><\/p>\n<p><span style=\"color: #000000;\">En la cuadra 27 del jr. Santiago Wagner ya se comenz\u00f3 a demoler el pavimento. Luego, el trabajo continuar\u00e1 en las pistas de las cuadras 3, 4 y 5 del jr San Jos\u00e9, as\u00ed como la cuadra 9 de la calle Virrey M. de Guirior y tendr\u00e1n el mismo tratamiento del jr. Wagner.<\/span><\/p>\n<p><span style=\"color: #000000;\">\u201cSe ha coordinado con la empresa constructora para tratar de evitar molestias a los vecinos, para lo cual se les ha informado con anticipaci\u00f3n todo lo que se est\u00e1 haciendo\u201d, dijo el alcalde.<\/span><\/p>\n","protected":false},"excerpt":{"rendered":"<p>Lima, 25 Octubre 2021, (ANDINA).- Maquinaria pesada comenz\u00f3 ayer a levantar el pavimento en la cuadra 27 del jir\u00f3n Santiago Wagner, en Pueblo Libre, como parte de los trabajos de renovaci\u00f3n de pistas que ha emprendido la actual gesti\u00f3n del distrito. Los trabajos comprenden tambi\u00e9n el asfaltado total de las cuadras 3, 4 y 5 [&hellip;]<\/p>\n","protected":false},"author":1,"featured_media":107271,"comment_status":"closed","ping_status":"closed","sticky":false,"template":"","format":"standard","meta":{"rop_custom_images_group":[],"rop_custom_messages_group":[],"rop_publish_now":"initial","rop_publish_now_accounts":[],"rop_publish_now_history":[],"rop_publish_now_status":"pending","footnotes":""},"categories":[10],"tags":[3767,4948],"class_list":["post-107270","post","type-post","status-publish","format-standard","has-post-thumbnail","hentry","category-actualidad-municipal","tag-municipalidad-de-pueblo-libre","tag-pueblo-libre"],"_links":{"self":[{"href":"https:\/\/elinformanteperu.com\/index.php\/wp-json\/wp\/v2\/posts\/107270","targetHints":{"allow":["GET"]}}],"collection":[{"href":"https:\/\/elinformanteperu.com\/index.php\/wp-json\/wp\/v2\/posts"}],"about":[{"href":"https:\/\/elinformanteperu.com\/index.php\/wp-json\/wp\/v2\/types\/post"}],"author":[{"embeddable":true,"href":"https:\/\/elinformanteperu.com\/index.php\/wp-json\/wp\/v2\/users\/1"}],"replies":[{"embeddable":true,"href":"https:\/\/elinformanteperu.com\/index.php\/wp-json\/wp\/v2\/comments?post=107270"}],"version-history":[{"count":1,"href":"https:\/\/elinformanteperu.com\/index.php\/wp-json\/wp\/v2\/posts\/107270\/revisions"}],"predecessor-version":[{"id":107272,"href":"https:\/\/elinformanteperu.com\/index.php\/wp-json\/wp\/v2\/posts\/107270\/revisions\/107272"}],"wp:featuredmedia":[{"embeddable":true,"href":"https:\/\/elinformanteperu.com\/index.php\/wp-json\/wp\/v2\/media\/107271"}],"wp:attachment":[{"href":"https:\/\/elinformanteperu.com\/index.php\/wp-json\/wp\/v2\/media?parent=107270"}],"wp:term":[{"taxonomy":"category","embeddable":true,"href":"https:\/\/elinformanteperu.com\/index.php\/wp-json\/wp\/v2\/categories?post=107270"},{"taxonomy":"post_tag","embeddable":true,"href":"https:\/\/elinformanteperu.com\/index.php\/wp-json\/wp\/v2\/tags?post=107270"}],"curies":[{"name":"wp","href":"https:\/\/api.w.org\/{rel}","templated":true}]}}