{"id":106931,"date":"2021-10-17T12:15:21","date_gmt":"2021-10-17T17:15:21","guid":{"rendered":"https:\/\/elinformanteperu.com\/?p=106931"},"modified":"2021-10-17T12:15:21","modified_gmt":"2021-10-17T17:15:21","slug":"minsa-refuerza-trabajo-en-regiones-para-cierre-de-brechas-de-vacunacion-contra-el-covid-19","status":"publish","type":"post","link":"https:\/\/elinformanteperu.com\/index.php\/2021\/10\/17\/minsa-refuerza-trabajo-en-regiones-para-cierre-de-brechas-de-vacunacion-contra-el-covid-19\/","title":{"rendered":"Minsa refuerza trabajo en regiones para cierre de brechas de vacunaci\u00f3n contra el covid-19"},"content":{"rendered":"<p><strong><span style=\"color: #000000;\">Implementar\u00e1 estrategia \u00abVamos a tu encuentro, \u00a1vac\u00fanate ya!\u00bb para poblaci\u00f3n pendiente de primera y segunda dosis<\/span><\/strong><\/p>\n<p><span style=\"color: #000000;\"><strong>Lima, 16 Octubre 2021, (ANDINA).-<\/strong> Con el objetivo de mejorar las coberturas de la vacunaci\u00f3n contra el covid-19 en el pa\u00eds, el Ministerio de Salud (Minsa) desplaz\u00f3 personal especializado de la Direcci\u00f3n Ejecutiva de Inmunizaciones hacia las regiones, para brindar asistencia t\u00e9cnica y apoyo al logro de cierre de brechas de primeras y segundas dosis en la poblaci\u00f3n.<\/span><\/p>\n<p><span style=\"color: #000000;\">La intervenci\u00f3n se inici\u00f3 ayer en la regi\u00f3n Hu\u00e1nuco y se prolongar\u00e1 hasta ma\u00f1ana domingo en esta jurisdicci\u00f3n, donde el equipo t\u00e9cnico del Minsa en coordinaci\u00f3n con la Direcci\u00f3n Regional de Salud (Diresa), analizar\u00e1 la situaci\u00f3n, identificar\u00e1 las dificultades y recomendar\u00e1 la ejecuci\u00f3n de estrategias para mejorar las actividades de vacunaci\u00f3n en las zonas donde se necesita promover la adherencia a la vacuna, en particular la AstraZeneca.<\/span><\/p>\n<p><span style=\"color: #000000;\">En dicha regi\u00f3n se busca implementar la exitosa estrategia \u00abVamos a tu encuentro, \u00a1vac\u00fanate ya!\u00bb para acercar el servicio a la poblaci\u00f3n que tiene pendiente sus primeras y segundas dosis. Para ello, se realizar\u00e1 este fin de semana una megacampa\u00f1a de vacunaci\u00f3n en mercados, centros comerciales, plazas, parques y otros puntos concurridos como el puente Joaqu\u00edn Garay, de la ciudad de Hu\u00e1nuco.<\/span><\/p>\n<p><span style=\"color: #000000;\">Tambi\u00e9n se impulsar\u00e1n campa\u00f1as informativas y de sensibilizaci\u00f3n dirigidas a la ciudadan\u00eda y al personal de Salud para resaltar la importancia y la efectividad de la vacuna AstraZeneca y de los otros laboratorios que se emplean en la regi\u00f3n.<\/span><\/p>\n<p><span style=\"color: #000000;\">La regi\u00f3n Hu\u00e1nuco presenta una poblaci\u00f3n objetivo de 696,158 personas por proteger. A la fecha, se cuenta con 311,479 vacunados con primeras dosis, que representa el 45 % de avance y 203,477 con segundas dosis (29 %).<\/span><\/p>\n<p><span style=\"color: #000000;\">En los pr\u00f3ximos d\u00edas se desarrollar\u00e1n estrategias similares en las regiones de Cajamarca, Lambayeque, Hu\u00e1nuco, Puno, Tumbes y Lima regi\u00f3n, donde existen altas brechas de segunda dosis por completar.<\/span><\/p>\n","protected":false},"excerpt":{"rendered":"<p>Implementar\u00e1 estrategia \u00abVamos a tu encuentro, \u00a1vac\u00fanate ya!\u00bb para poblaci\u00f3n pendiente de primera y segunda dosis Lima, 16 Octubre 2021, (ANDINA).- Con el objetivo de mejorar las coberturas de la vacunaci\u00f3n contra el covid-19 en el pa\u00eds, el Ministerio de Salud (Minsa) desplaz\u00f3 personal especializado de la Direcci\u00f3n Ejecutiva de Inmunizaciones hacia las regiones, para [&hellip;]<\/p>\n","protected":false},"author":1,"featured_media":106932,"comment_status":"closed","ping_status":"closed","sticky":false,"template":"","format":"standard","meta":{"rop_custom_images_group":[],"rop_custom_messages_group":[],"rop_publish_now":"initial","rop_publish_now_accounts":[],"rop_publish_now_history":[],"rop_publish_now_status":"pending","footnotes":""},"categories":[10],"tags":[388,431,5939],"class_list":["post-106931","post","type-post","status-publish","format-standard","has-post-thumbnail","hentry","category-actualidad-municipal","tag-ministerio-de-salud","tag-minsa","tag-vacunacion"],"_links":{"self":[{"href":"https:\/\/elinformanteperu.com\/index.php\/wp-json\/wp\/v2\/posts\/106931","targetHints":{"allow":["GET"]}}],"collection":[{"href":"https:\/\/elinformanteperu.com\/index.php\/wp-json\/wp\/v2\/posts"}],"about":[{"href":"https:\/\/elinformanteperu.com\/index.php\/wp-json\/wp\/v2\/types\/post"}],"author":[{"embeddable":true,"href":"https:\/\/elinformanteperu.com\/index.php\/wp-json\/wp\/v2\/users\/1"}],"replies":[{"embeddable":true,"href":"https:\/\/elinformanteperu.com\/index.php\/wp-json\/wp\/v2\/comments?post=106931"}],"version-history":[{"count":1,"href":"https:\/\/elinformanteperu.com\/index.php\/wp-json\/wp\/v2\/posts\/106931\/revisions"}],"predecessor-version":[{"id":106933,"href":"https:\/\/elinformanteperu.com\/index.php\/wp-json\/wp\/v2\/posts\/106931\/revisions\/106933"}],"wp:featuredmedia":[{"embeddable":true,"href":"https:\/\/elinformanteperu.com\/index.php\/wp-json\/wp\/v2\/media\/106932"}],"wp:attachment":[{"href":"https:\/\/elinformanteperu.com\/index.php\/wp-json\/wp\/v2\/media?parent=106931"}],"wp:term":[{"taxonomy":"category","embeddable":true,"href":"https:\/\/elinformanteperu.com\/index.php\/wp-json\/wp\/v2\/categories?post=106931"},{"taxonomy":"post_tag","embeddable":true,"href":"https:\/\/elinformanteperu.com\/index.php\/wp-json\/wp\/v2\/tags?post=106931"}],"curies":[{"name":"wp","href":"https:\/\/api.w.org\/{rel}","templated":true}]}}