{"id":106925,"date":"2021-10-17T11:17:32","date_gmt":"2021-10-17T16:17:32","guid":{"rendered":"https:\/\/elinformanteperu.com\/?p=106925"},"modified":"2021-10-17T11:17:32","modified_gmt":"2021-10-17T16:17:32","slug":"trujillo-inician-reconstruccion-de-via-afectada-gravemente-por-el-nino-costero","status":"publish","type":"post","link":"https:\/\/elinformanteperu.com\/index.php\/2021\/10\/17\/trujillo-inician-reconstruccion-de-via-afectada-gravemente-por-el-nino-costero\/","title":{"rendered":"Trujillo: inician reconstrucci\u00f3n de v\u00eda afectada gravemente por El Ni\u00f1o costero"},"content":{"rendered":"<p><strong><span style=\"color: #000000;\">Tras 4 a\u00f1os de espera esta obra se realizar\u00e1 con inversi\u00f3n de 2.1 millones de soles<\/span><\/strong><\/p>\n<p><span style=\"color: #000000;\"><strong>Trujillo, 16 Octubre 2021, (ANDINA).-<\/strong> La avenida Los Paujiles, en el distrito de V\u00edctor Larco, de la provincia de Trujillo, que fue inundada y destruida casi por completo debido a los huaicos que generaron las intensas lluvias provocadas por el fen\u00f3meno de El Ni\u00f1o costero en marzo del 2017, empez\u00f3 a ser reconstruida por el Gobierno Regional de La Libertad.<\/span><\/p>\n<p><span style=\"color: #000000;\">Los trabajos incluyen la colocaci\u00f3n de imprimaci\u00f3n y carpeta asf\u00e1ltica en caliente, as\u00ed como la reconstrucci\u00f3n de 838.41 metros cuadrados de veredas de concreto; 325.29 metros cuadrados de rampas de concreto; 172.34 metros cuadrados de martillos de concreto; 1,399.09 metros cuadrados de berma central de concreto; 558.62 metros cuadrados de zona de parada de concreto y 367.19 metros lineales de sardineles.<\/span><\/p>\n<p><span style=\"color: #000000;\">Asimismo, comprenden la colocaci\u00f3n de 361.92 metros cuadrados de se\u00f1alizaci\u00f3n horizontal y 2,377.85 metros lineales de pintura en pavimento. Tambi\u00e9n se ejecutar\u00e1 el cambio de 618.98 metros lineales de redes de agua; 312.38 metros lineales de redes de agua y 75 conexiones domiciliarias de agua potable.<\/span><\/p>\n<p><span style=\"color: #000000;\">Estas obras, a realizarse en un plazo de 75 d\u00edas, demandar\u00e1n una inversi\u00f3n total de 2.1 millones de soles y su ejecuci\u00f3n estar\u00e1 a cargo del consorcio Jayed, mientras que la supervisi\u00f3n de los trabajos estar\u00e1 a cargo del consorcio supervisor Paujiles. \u201cTenemos que cuidar que la obra se termine en el plazo estimado\u201d, dijo el vicegobernador de La Libertad, Ever Cadenillas.<\/span><\/p>\n<p><span style=\"color: #000000;\">Por su parte, el alcalde del distrito de V\u00edctor Larco, C\u00e9sar Ju\u00e1rez, agradeci\u00f3 el inicio de estas obras que, seg\u00fan destac\u00f3, fue posible gracias a un trabajo conjunto. \u201cSabemos que ha sido un tiempo largo de espera, desde 2017 que ocurrieron los huaicos, pero pedimos la paciencia y comprensi\u00f3n de todos los vecinos, porque de hecho hacerlo demanda tambi\u00e9n algunas dificultades que vamos a resolver de la mejor manera: conversando\u201d, expres\u00f3.<\/span><\/p>\n<p><span style=\"color: #000000;\">En efecto, durante el acto de inicio de obras, el ingeniero a cargo explic\u00f3 el desarrollo de los trabajos que se realizar\u00e1n a los representantes vecinales en este tramo de Los Paujiles entre las avenidas Juan Pablo II y V\u00edctor Larco, que son las v\u00edas m\u00e1s transitadas tanto del citado distrito como de la provincia de Trujillo.<\/span><\/p>\n<p><span style=\"color: #000000;\">Los vecinos, por su parte, saludaron y felicitaron el inicio de la reconstrucci\u00f3n de esta avenida pero pidieron que la obra perdure en el tiempo, as\u00ed como tambi\u00e9n tomar medidas legales para frenar el comercio informal que reina en la zona.<\/span><\/p>\n<p><span style=\"color: #000000;\">Esta obra hab\u00eda sido paralizada durante un a\u00f1o, debido a que el Gobierno Regional de La Libertad no contaba con presupuesto disponible para ejecutarla.<\/span><\/p>\n<p><span style=\"color: #000000;\">En esta zona del distrito de V\u00edctor Larco se acumul\u00f3 el lodo y el agua que trajeron los siete huaicos que asolaron e inundaron a toda la ciudad de Trujillo en marzo del 2017.<\/span><\/p>\n<p><span style=\"color: #000000;\">En ese entonces, pese a que muchos de los vecinos colocaron hasta metro y medio de sacos de arena y otro tipo de barreras, tanto las viviendas como las v\u00edas resultaron gravemente afectadas, oblig\u00e1ndolos a vivir diariamente bajo polvaredas y la proliferaci\u00f3n de enfermedades respiratorias.<\/span><\/p>\n","protected":false},"excerpt":{"rendered":"<p>Tras 4 a\u00f1os de espera esta obra se realizar\u00e1 con inversi\u00f3n de 2.1 millones de soles Trujillo, 16 Octubre 2021, (ANDINA).- La avenida Los Paujiles, en el distrito de V\u00edctor Larco, de la provincia de Trujillo, que fue inundada y destruida casi por completo debido a los huaicos que generaron las intensas lluvias provocadas por [&hellip;]<\/p>\n","protected":false},"author":1,"featured_media":106926,"comment_status":"closed","ping_status":"closed","sticky":false,"template":"","format":"standard","meta":{"rop_custom_images_group":[],"rop_custom_messages_group":[],"rop_publish_now":"initial","rop_publish_now_accounts":[],"rop_publish_now_history":[],"rop_publish_now_status":"pending","footnotes":""},"categories":[10],"tags":[6491,4270,3362],"class_list":["post-106925","post","type-post","status-publish","format-standard","has-post-thumbnail","hentry","category-actualidad-municipal","tag-gobierno-regional-de-la-libertad","tag-la-libertad","tag-trujillo"],"_links":{"self":[{"href":"https:\/\/elinformanteperu.com\/index.php\/wp-json\/wp\/v2\/posts\/106925","targetHints":{"allow":["GET"]}}],"collection":[{"href":"https:\/\/elinformanteperu.com\/index.php\/wp-json\/wp\/v2\/posts"}],"about":[{"href":"https:\/\/elinformanteperu.com\/index.php\/wp-json\/wp\/v2\/types\/post"}],"author":[{"embeddable":true,"href":"https:\/\/elinformanteperu.com\/index.php\/wp-json\/wp\/v2\/users\/1"}],"replies":[{"embeddable":true,"href":"https:\/\/elinformanteperu.com\/index.php\/wp-json\/wp\/v2\/comments?post=106925"}],"version-history":[{"count":1,"href":"https:\/\/elinformanteperu.com\/index.php\/wp-json\/wp\/v2\/posts\/106925\/revisions"}],"predecessor-version":[{"id":106927,"href":"https:\/\/elinformanteperu.com\/index.php\/wp-json\/wp\/v2\/posts\/106925\/revisions\/106927"}],"wp:featuredmedia":[{"embeddable":true,"href":"https:\/\/elinformanteperu.com\/index.php\/wp-json\/wp\/v2\/media\/106926"}],"wp:attachment":[{"href":"https:\/\/elinformanteperu.com\/index.php\/wp-json\/wp\/v2\/media?parent=106925"}],"wp:term":[{"taxonomy":"category","embeddable":true,"href":"https:\/\/elinformanteperu.com\/index.php\/wp-json\/wp\/v2\/categories?post=106925"},{"taxonomy":"post_tag","embeddable":true,"href":"https:\/\/elinformanteperu.com\/index.php\/wp-json\/wp\/v2\/tags?post=106925"}],"curies":[{"name":"wp","href":"https:\/\/api.w.org\/{rel}","templated":true}]}}