{"id":106911,"date":"2021-10-17T10:50:54","date_gmt":"2021-10-17T15:50:54","guid":{"rendered":"https:\/\/elinformanteperu.com\/?p=106911"},"modified":"2021-10-17T10:52:08","modified_gmt":"2021-10-17T15:52:08","slug":"gianni-infantino-para-que-el-futbol-sea-global-pensemos-en-un-mundial-cada-dos-anos","status":"publish","type":"post","link":"https:\/\/elinformanteperu.com\/index.php\/2021\/10\/17\/gianni-infantino-para-que-el-futbol-sea-global-pensemos-en-un-mundial-cada-dos-anos\/","title":{"rendered":"Gianni Infantino: \u00abPara que el f\u00fatbol sea global pensemos en un mundial cada dos a\u00f1os\u00bb"},"content":{"rendered":"<p><span style=\"color: #000000;\"><strong>Lima, 16 Octubre 2021, (ANDINA).-<\/strong> Para que el f\u00fatbol \u00abde verdad sea global\u00bb el presidente de la FIFA, Gianni Infantino, volvi\u00f3 a predicar a favor de la realizaci\u00f3n del Mundial cada dos a\u00f1os, este viernes en Caracas en el marco de una gira por varios pa\u00edses de Sudam\u00e9rica.<\/span><\/p>\n<p><span style=\"color: #000000;\">\u00abNuestra tarea como FIFA es de constantemente reflexionar c\u00f3mo podemos mejorar el f\u00fatbol en el mundo, hacer que el f\u00fatbol de verdad sea global (&#8230;), tenemos que analizar lo que podemos mejorar en el f\u00fatbol de selecciones nacionales (&#8230;), no hay competici\u00f3n de club que puede acercarse a los n\u00fameros\u00bb de audiencia de mundial, dijo Infantino en conferencia de prensa en el estadio Ol\u00edmpico de la UCV, en Caracas.<\/span><\/p>\n<p><span style=\"color: #000000;\">Ya planteada y descartada en la d\u00e9cada de 1990, la idea de un Mundial bienal en lugar de cada cuatro a\u00f1os, como se disputa desde su inicio en 1930, ha resurgido en los \u00faltimos meses.<\/span><\/p>\n<p><strong><span style=\"color: #000000;\">Estudio de viabilidad<\/span><\/strong><\/p>\n<p><span style=\"color: #000000;\">Pero no es una iniciativa aislada. A finales de mayo, la FIFA realiz\u00f3 \u00abun estudio de viabilidad\u00bb solicitado por la Federaci\u00f3n Saud\u00ed, cercana a Infantino.<\/span><\/p>\n<p><span style=\"color: #000000;\">FIFA engloba 211 pa\u00edses, record\u00f3 Infantino, todos con \u00abderecho a so\u00f1ar\u00bb con la competici\u00f3n, un \u00absue\u00f1o\u00bb que debe \u00abtener una posibilidad de realizarse, porque si tienes que so\u00f1ar para la eternidad al final prefieres hacer otras cosas\u00bb.<\/span><\/p>\n<p><span style=\"color: #000000;\">\u00abHoy, si hablamos sinceramente, \u00bfqu\u00e9 posibilidades tiene Venezuela de participar realmente en un mundial?\u00bb, se pregunt\u00f3 Infantino, recordando que esta naci\u00f3n de 30 millones de habitantes nunca ha participado en el torneo, siendo poco probable que lo haga en las actuales condiciones (esta \u00faltima en la clasificatoria de la Conmebol).<\/span><\/p>\n<p><span style=\"color: #000000;\">\u00abLa posibilidad de reformar el calendario con un Mundial cada dos a\u00f1os, lo hemos analizado desde el punto de vista futbol\u00edstico, es posible. Hay muchas ventajas, porque damos m\u00e1s oportunidades para que participen muchos m\u00e1s pa\u00edses\u00bb, detall\u00f3 el presidente de la FIFA.<\/span><\/p>\n<p><strong><span style=\"color: #000000;\">\u00abReformar el calendario es posible\u00bb<\/span><\/strong><\/p>\n<p><span style=\"color: #000000;\">\u00abCuando se decidi\u00f3 que el Mundial ten\u00eda que jugarse cada cuatro a\u00f1os, hace unos 100 a\u00f1os, la FIFA ten\u00eda 40 pa\u00edses\u00bb, agreg\u00f3. \u00abEs tiempo de analizar la cuesti\u00f3n\u00bb, dijo, reiterando que se tomar\u00e1 una decisi\u00f3n a fin de a\u00f1o. \u00abSi hacemos cambios, lo vamos a hacer si todos son ganadores\u00bb, prometi\u00f3.<\/span><\/p>\n<p><span style=\"color: #000000;\">\u00abEl prestigio de una competici\u00f3n no depende de su frecuencia (&#8230;), depende de su calidad\u00bb, dijo Infantino, que estim\u00f3 que esta reforma podr\u00eda permitir que los jugadores lleguen al Mundial en igualdad de condiciones al reducir las idas y venidas de los jugadores sudamericanos para disputar las eliminatorias.<\/span><\/p>\n<p><span style=\"color: #000000;\">\u00abHay estudios m\u00e9dicos que dicen que viajar (&#8230;), con jet lag, cambio de clima (&#8230;), es muy malo para la salud de un jugador\u00bb, se\u00f1al\u00f3.<\/span><\/p>\n<p><span style=\"color: #000000;\">Mencion\u00f3 al respecto una estad\u00edstica reveladora: \u00abBrasil, desde 2002, no gana un partido en un mundial contra un pa\u00eds europeo en la fase de eliminatorias directas, no en la fase de grupos. Desde 20 a\u00f1os. Y es Brasil\u00bb.<\/span><\/p>\n<p><strong><span style=\"color: #000000;\">Reuni\u00f3n presidencial<\/span><\/strong><\/p>\n<p><span style=\"color: #000000;\">M\u00e1s tarde, Infantino se reuni\u00f3 con el mandantario de Venezuela, Nicol\u00e1s Maduro, en el presidencial Palacio de Miraflores, en Caracas.<\/span><\/p>\n<p><span style=\"color: #000000;\">\u00abLe he dicho (&#8230;) que me parece una extraordinaria idea que el mundial de f\u00fatbol pueda jugarse cada dos a\u00f1os. Es una tremenda oportunidad\u00bb, expres\u00f3 el gobernante chavista tras la \u00abagradable conversaci\u00f3n\u00bb con Infantino.<\/span><\/p>\n<p><span style=\"color: #000000;\">Pero la idea de jugar un Mundial cada dos a\u00f1os ha despertado grandes cr\u00edticas.<\/span><\/p>\n<p><span style=\"color: #000000;\">El presidente de la UEFA, Aleksander Ceferin, conden\u00f3 esta propuesta a mediados de junio, juzg\u00e1ndola \u00abimposible\u00bb en una entrevista con la AFP.<\/span><\/p>\n<p><span style=\"color: #000000;\">Para la Conmebol, un Mundial cada dos a\u00f1os podr\u00eda \u00abdesnaturalizar\u00bb la competencia, \u00abrebajando su calidad y minando su car\u00e1cter exclusivo y sus actuales est\u00e1ndares de exigencia\u00bb.<\/span><\/p>\n<p><span style=\"color: #000000;\">Tambi\u00e9n varios entrenadores han criticado la idea de un Mundial bienal, como el alem\u00e1n J\u00fcrgen Klopp (Liverpool), que estima que en ese proyecto \u00absolo importa el dinero\u00bb.<\/span><\/p>\n<p><a href=\"https:\/\/elinformanteperu.com\/wp-content\/uploads\/2021\/02\/mundial-de-clubes.jpg\"><img fetchpriority=\"high\" decoding=\"async\" class=\"alignnone size-full wp-image-92366\" src=\"https:\/\/elinformanteperu.com\/wp-content\/uploads\/2021\/02\/mundial-de-clubes.jpg\" alt=\"\" width=\"1800\" height=\"1227\" srcset=\"https:\/\/elinformanteperu.com\/wp-content\/uploads\/2021\/02\/mundial-de-clubes.jpg 1800w, https:\/\/elinformanteperu.com\/wp-content\/uploads\/2021\/02\/mundial-de-clubes-300x205.jpg 300w, https:\/\/elinformanteperu.com\/wp-content\/uploads\/2021\/02\/mundial-de-clubes-1024x698.jpg 1024w, https:\/\/elinformanteperu.com\/wp-content\/uploads\/2021\/02\/mundial-de-clubes-768x524.jpg 768w, https:\/\/elinformanteperu.com\/wp-content\/uploads\/2021\/02\/mundial-de-clubes-1536x1047.jpg 1536w\" sizes=\"(max-width: 1800px) 100vw, 1800px\" \/><\/a><\/p>\n","protected":false},"excerpt":{"rendered":"<p>Lima, 16 Octubre 2021, (ANDINA).- Para que el f\u00fatbol \u00abde verdad sea global\u00bb el presidente de la FIFA, Gianni Infantino, volvi\u00f3 a predicar a favor de la realizaci\u00f3n del Mundial cada dos a\u00f1os, este viernes en Caracas en el marco de una gira por varios pa\u00edses de Sudam\u00e9rica. \u00abNuestra tarea como FIFA es de constantemente [&hellip;]<\/p>\n","protected":false},"author":1,"featured_media":106912,"comment_status":"closed","ping_status":"closed","sticky":false,"template":"","format":"standard","meta":{"rop_custom_images_group":[],"rop_custom_messages_group":[],"rop_publish_now":"initial","rop_publish_now_accounts":[],"rop_publish_now_history":[],"rop_publish_now_status":"pending","footnotes":""},"categories":[8],"tags":[268,267],"class_list":["post-106911","post","type-post","status-publish","format-standard","has-post-thumbnail","hentry","category-disciplinas-deportivas","tag-fifa","tag-gianni-infantino"],"_links":{"self":[{"href":"https:\/\/elinformanteperu.com\/index.php\/wp-json\/wp\/v2\/posts\/106911","targetHints":{"allow":["GET"]}}],"collection":[{"href":"https:\/\/elinformanteperu.com\/index.php\/wp-json\/wp\/v2\/posts"}],"about":[{"href":"https:\/\/elinformanteperu.com\/index.php\/wp-json\/wp\/v2\/types\/post"}],"author":[{"embeddable":true,"href":"https:\/\/elinformanteperu.com\/index.php\/wp-json\/wp\/v2\/users\/1"}],"replies":[{"embeddable":true,"href":"https:\/\/elinformanteperu.com\/index.php\/wp-json\/wp\/v2\/comments?post=106911"}],"version-history":[{"count":3,"href":"https:\/\/elinformanteperu.com\/index.php\/wp-json\/wp\/v2\/posts\/106911\/revisions"}],"predecessor-version":[{"id":106915,"href":"https:\/\/elinformanteperu.com\/index.php\/wp-json\/wp\/v2\/posts\/106911\/revisions\/106915"}],"wp:featuredmedia":[{"embeddable":true,"href":"https:\/\/elinformanteperu.com\/index.php\/wp-json\/wp\/v2\/media\/106912"}],"wp:attachment":[{"href":"https:\/\/elinformanteperu.com\/index.php\/wp-json\/wp\/v2\/media?parent=106911"}],"wp:term":[{"taxonomy":"category","embeddable":true,"href":"https:\/\/elinformanteperu.com\/index.php\/wp-json\/wp\/v2\/categories?post=106911"},{"taxonomy":"post_tag","embeddable":true,"href":"https:\/\/elinformanteperu.com\/index.php\/wp-json\/wp\/v2\/tags?post=106911"}],"curies":[{"name":"wp","href":"https:\/\/api.w.org\/{rel}","templated":true}]}}