{"id":106904,"date":"2021-10-17T10:37:29","date_gmt":"2021-10-17T15:37:29","guid":{"rendered":"https:\/\/elinformanteperu.com\/?p=106904"},"modified":"2021-10-17T16:52:46","modified_gmt":"2021-10-17T21:52:46","slug":"dia-del-periodista-deportivo","status":"publish","type":"post","link":"https:\/\/elinformanteperu.com\/index.php\/2021\/10\/17\/dia-del-periodista-deportivo\/","title":{"rendered":"D\u00eda del Periodista Deportivo"},"content":{"rendered":"<p><span style=\"color: #000000;\"><strong>Lima, 16 Octubre 2021, (El Informante Per\u00fa).-<\/strong> La Asociaci\u00f3n Deportiva de F\u00fatbol Profesional rindi\u00f3 un homenaje al periodismo deportivo rindiendo un merecido homenaje a los periodistas con una destacada labor en el gremio.<\/span><\/p>\n<p><span style=\"color: #000000;\">Los hombres de prensa galardonados por su amplia trayectoria period\u00edstica fueron Ra\u00fal Marav\u00ed Ayala, de S\u00faperdeporte, Carlos Bazay de Preg\u00f3n Deportivo, Mario Fern\u00e1ndez Guevara de El Comercio, Eduardo \u00abLalo\u00bb Archimbaud, jefe de prensa del club Alianza Lima adem\u00e1s de Mario Sifuentes, periodista y dirigente de amplia trayectoria.<\/span><\/p>\n<p><span style=\"color: #000000;\">A la reuni\u00f3n asistieron muchos periodistas deportivos de destacada trayectoria como Fernando Jim\u00e9nez, Luis Oyola, Rub\u00e9n Marrufo, Jos\u00e9 Valdeiglesias, Freddy Lazo, Mart\u00edn Fern\u00e1ndez, Luis Enrique Negrini, Juan Carlos Esteves, entre otros periodistas deportivos.<\/span><\/p>\n<p><span style=\"color: #000000;\">El Dr. Oscar Romero anunci\u00f3 en caso ser reelegido construir un complejo en Surco donde funcionar\u00e1 la sede de la instituci\u00f3n y destinar\u00e1 oficinas al periodismo deportivo.<\/span><\/p>\n<p><span style=\"color: #000000;\">La organizaci\u00f3n y recepci\u00f3n estuvo a cargo de Enrique Mayor y de William Pickling quienes destacaron por su impecable acogida y recibimiento.<\/span><\/p>\n<p><span style=\"color: #000000;\">Desde este medio informativo agradecemos a los organizadores la invitaci\u00f3n y recibimiento para poder departir algunos minutos con colegas de destacada trayectoria.<\/span><\/p>\n<p><a href=\"https:\/\/elinformanteperu.com\/wp-content\/uploads\/2021\/10\/Richard-ADFP.jpg\"><img fetchpriority=\"high\" decoding=\"async\" class=\"alignnone size-full wp-image-106906\" src=\"https:\/\/elinformanteperu.com\/wp-content\/uploads\/2021\/10\/Richard-ADFP.jpg\" alt=\"\" width=\"720\" height=\"484\" srcset=\"https:\/\/elinformanteperu.com\/wp-content\/uploads\/2021\/10\/Richard-ADFP.jpg 720w, https:\/\/elinformanteperu.com\/wp-content\/uploads\/2021\/10\/Richard-ADFP-300x202.jpg 300w\" sizes=\"(max-width: 720px) 100vw, 720px\" \/><\/a><\/p>\n","protected":false},"excerpt":{"rendered":"<p>Lima, 16 Octubre 2021, (El Informante Per\u00fa).- La Asociaci\u00f3n Deportiva de F\u00fatbol Profesional rindi\u00f3 un homenaje al periodismo deportivo rindiendo un merecido homenaje a los periodistas con una destacada labor en el gremio. Los hombres de prensa galardonados por su amplia trayectoria period\u00edstica fueron Ra\u00fal Marav\u00ed Ayala, de S\u00faperdeporte, Carlos Bazay de Preg\u00f3n Deportivo, Mario [&hellip;]<\/p>\n","protected":false},"author":1,"featured_media":106905,"comment_status":"closed","ping_status":"closed","sticky":false,"template":"","format":"standard","meta":{"rop_custom_images_group":[],"rop_custom_messages_group":[],"rop_publish_now":"initial","rop_publish_now_accounts":[],"rop_publish_now_history":[],"rop_publish_now_status":"pending","footnotes":""},"categories":[8],"tags":[589,1998],"class_list":["post-106904","post","type-post","status-publish","format-standard","has-post-thumbnail","hentry","category-disciplinas-deportivas","tag-adfp","tag-asociacion-deportiva-del-futbol-profesional"],"_links":{"self":[{"href":"https:\/\/elinformanteperu.com\/index.php\/wp-json\/wp\/v2\/posts\/106904","targetHints":{"allow":["GET"]}}],"collection":[{"href":"https:\/\/elinformanteperu.com\/index.php\/wp-json\/wp\/v2\/posts"}],"about":[{"href":"https:\/\/elinformanteperu.com\/index.php\/wp-json\/wp\/v2\/types\/post"}],"author":[{"embeddable":true,"href":"https:\/\/elinformanteperu.com\/index.php\/wp-json\/wp\/v2\/users\/1"}],"replies":[{"embeddable":true,"href":"https:\/\/elinformanteperu.com\/index.php\/wp-json\/wp\/v2\/comments?post=106904"}],"version-history":[{"count":2,"href":"https:\/\/elinformanteperu.com\/index.php\/wp-json\/wp\/v2\/posts\/106904\/revisions"}],"predecessor-version":[{"id":107002,"href":"https:\/\/elinformanteperu.com\/index.php\/wp-json\/wp\/v2\/posts\/106904\/revisions\/107002"}],"wp:featuredmedia":[{"embeddable":true,"href":"https:\/\/elinformanteperu.com\/index.php\/wp-json\/wp\/v2\/media\/106905"}],"wp:attachment":[{"href":"https:\/\/elinformanteperu.com\/index.php\/wp-json\/wp\/v2\/media?parent=106904"}],"wp:term":[{"taxonomy":"category","embeddable":true,"href":"https:\/\/elinformanteperu.com\/index.php\/wp-json\/wp\/v2\/categories?post=106904"},{"taxonomy":"post_tag","embeddable":true,"href":"https:\/\/elinformanteperu.com\/index.php\/wp-json\/wp\/v2\/tags?post=106904"}],"curies":[{"name":"wp","href":"https:\/\/api.w.org\/{rel}","templated":true}]}}