{"id":106895,"date":"2021-10-17T10:00:40","date_gmt":"2021-10-17T15:00:40","guid":{"rendered":"https:\/\/elinformanteperu.com\/?p=106895"},"modified":"2021-10-17T10:00:40","modified_gmt":"2021-10-17T15:00:40","slug":"ricardo-gareca-somos-una-seleccion-que-no-pierde-la-esperanza-ni-la-fe","status":"publish","type":"post","link":"https:\/\/elinformanteperu.com\/index.php\/2021\/10\/17\/ricardo-gareca-somos-una-seleccion-que-no-pierde-la-esperanza-ni-la-fe\/","title":{"rendered":"Ricardo Gareca: somos una selecci\u00f3n que no pierde la esperanza ni la fe"},"content":{"rendered":"<p><strong><span style=\"color: #000000;\">Entrenador del equipo peruano conf\u00eda en revertir el mal momento que nos relega en la ruta a Catar 2022<\/span><\/strong><\/p>\n<p><span style=\"color: #000000;\"><strong>Lima, 15 Octubre 2021, (ANDINA).-<\/strong> El entrenador Ricardo Gareca reconoci\u00f3, en conferencia de prensa, que el balance num\u00e9rico es malo para la selecci\u00f3n peruana, pero que ve con esperanza el futuro de la Bicolor, por el buen desenvolvimiento de sus jugadores tanto en el partido contra Bolivia como en el disputado hoy con Argentina.<\/span><\/p>\n<p><span style=\"color: #000000;\">Per\u00fa empez\u00f3 la fecha ganando a Chile en un gran partido jugado en el Estadio Nacional y perdi\u00f3 los siguientes: en La Paz, frente a Bolivia, y el de esta noche ante Argentina, en Buenos Aires.<\/span><\/p>\n<p><span style=\"color: #000000;\">\u201cPor m\u00e1s que parezca contradictorio, creo que estamos bien. Me voy con buenas sensaciones luego del partido contra Bolivia y ahora con Argentina. Y cuando eso sucede, miro las cosas con optimismo\u201d, manifest\u00f3 el t\u00e9cnico para agregar: \u201cNo somos una selecci\u00f3n de perder la confianza y la fe\u201d.<\/span><\/p>\n<p><span style=\"color: #000000;\">Resalt\u00f3 que la selecci\u00f3n peruana ha tenido innumerables problemas. \u201cPer\u00fa ha sido una de las selecciones m\u00e1s golpeadas en esta fecha triple\u201d, asegur\u00f3. \u201cDebemos tratar de no bajar los brazos, estamos en una situaci\u00f3n complicada. Reconozco que esta no es la mejor situaci\u00f3n\u201d.<\/span><\/p>\n<p><span style=\"color: #000000;\">El t\u00e9cnico argentino admiti\u00f3 que el balance es negativo. \u201cEmpezamos bien y quedamos relegados. El balance num\u00e9rico es negativo, pero me voy con esperanza y una determinada fe de seguir creyendo en este equipo y que somos capaces de revertir esta situaci\u00f3n\u201d, resalt\u00f3.<\/span><\/p>\n<p><span style=\"color: #000000;\">Per\u00fa perdi\u00f3 con Argentina en un partido en que el equipo mostr\u00f3 las debilidades propias de una selecci\u00f3n con 7 lesionados. Ahora, con el camino cuesta arriba, la selecci\u00f3n necesita con urgencia nuevos puntos para seguir so\u00f1ando con el Mundial de Catar 2022.<\/span><\/p>\n","protected":false},"excerpt":{"rendered":"<p>Entrenador del equipo peruano conf\u00eda en revertir el mal momento que nos relega en la ruta a Catar 2022 Lima, 15 Octubre 2021, (ANDINA).- El entrenador Ricardo Gareca reconoci\u00f3, en conferencia de prensa, que el balance num\u00e9rico es malo para la selecci\u00f3n peruana, pero que ve con esperanza el futuro de la Bicolor, por el [&hellip;]<\/p>\n","protected":false},"author":1,"featured_media":99454,"comment_status":"closed","ping_status":"closed","sticky":false,"template":"","format":"standard","meta":{"rop_custom_images_group":[],"rop_custom_messages_group":[],"rop_publish_now":"initial","rop_publish_now_accounts":[],"rop_publish_now_history":[],"rop_publish_now_status":"pending","footnotes":""},"categories":[8],"tags":[92],"class_list":["post-106895","post","type-post","status-publish","format-standard","has-post-thumbnail","hentry","category-disciplinas-deportivas","tag-ricardo-gareca"],"_links":{"self":[{"href":"https:\/\/elinformanteperu.com\/index.php\/wp-json\/wp\/v2\/posts\/106895","targetHints":{"allow":["GET"]}}],"collection":[{"href":"https:\/\/elinformanteperu.com\/index.php\/wp-json\/wp\/v2\/posts"}],"about":[{"href":"https:\/\/elinformanteperu.com\/index.php\/wp-json\/wp\/v2\/types\/post"}],"author":[{"embeddable":true,"href":"https:\/\/elinformanteperu.com\/index.php\/wp-json\/wp\/v2\/users\/1"}],"replies":[{"embeddable":true,"href":"https:\/\/elinformanteperu.com\/index.php\/wp-json\/wp\/v2\/comments?post=106895"}],"version-history":[{"count":1,"href":"https:\/\/elinformanteperu.com\/index.php\/wp-json\/wp\/v2\/posts\/106895\/revisions"}],"predecessor-version":[{"id":106896,"href":"https:\/\/elinformanteperu.com\/index.php\/wp-json\/wp\/v2\/posts\/106895\/revisions\/106896"}],"wp:featuredmedia":[{"embeddable":true,"href":"https:\/\/elinformanteperu.com\/index.php\/wp-json\/wp\/v2\/media\/99454"}],"wp:attachment":[{"href":"https:\/\/elinformanteperu.com\/index.php\/wp-json\/wp\/v2\/media?parent=106895"}],"wp:term":[{"taxonomy":"category","embeddable":true,"href":"https:\/\/elinformanteperu.com\/index.php\/wp-json\/wp\/v2\/categories?post=106895"},{"taxonomy":"post_tag","embeddable":true,"href":"https:\/\/elinformanteperu.com\/index.php\/wp-json\/wp\/v2\/tags?post=106895"}],"curies":[{"name":"wp","href":"https:\/\/api.w.org\/{rel}","templated":true}]}}