{"id":106883,"date":"2021-10-16T12:18:46","date_gmt":"2021-10-16T17:18:46","guid":{"rendered":"https:\/\/elinformanteperu.com\/?p=106883"},"modified":"2021-10-16T12:18:46","modified_gmt":"2021-10-16T17:18:46","slug":"ministerio-de-vivienda-traslada-245-modulos-temporales-para-familias-damnificadas-de-distritos-de-sullana","status":"publish","type":"post","link":"https:\/\/elinformanteperu.com\/index.php\/2021\/10\/16\/ministerio-de-vivienda-traslada-245-modulos-temporales-para-familias-damnificadas-de-distritos-de-sullana\/","title":{"rendered":"Ministerio de Vivienda traslada 245 m\u00f3dulos temporales para familias damnificadas de distritos de Sullana"},"content":{"rendered":"<p><strong><span style=\"color: #000000;\">Estas infraestructuras se suman a las 234 que se vienen instalando en Marcavelica y en distritos de Paita, y a los 67 que ya se han instalado en La Huaca (Paita).<\/span><\/strong><\/p>\n<p><span style=\"color: #000000;\"><strong>Lima, 15 Octubre 2021, (El Informante Per\u00fa).-<\/strong> El Ministerio de Vivienda, Construcci\u00f3n y Saneamiento (MVCS) inici\u00f3 el traslado a la provincia de Sullana de 245 m\u00f3dulos temporales de vivienda que albergar\u00e1n a las familias damnificadas por el fuerte sismo que afect\u00f3 a la regi\u00f3n de Piura.<\/span><\/p>\n<p><span style=\"color: #000000;\">De este lote, 136 m\u00f3dulos ser\u00e1n asignados a los damnificados del distrito de Miguel Checa, 52 para los de Ignacio Escudero, 35 para los de Querecotillo, 21 para los del distrito de Sullana y 1 para los de Lancones.<\/span><\/p>\n<p><span style=\"color: #000000;\">Estos m\u00f3dulos se suman a los 185 cuya instalaci\u00f3n ya est\u00e1 por concluir en el distrito sullanero de Marcavelica, y a los 49 m\u00f3dulos que se vienen colocando en distritos de la provincia de Paita: Son 38 en el distrito de Paita, 2 en Col\u00e1n, 6 en Tamarindo y 3 en Amotape.<\/span><\/p>\n<p><span style=\"color: #000000;\">Cabe se\u00f1alar que, en setiembre, el MVCS culmin\u00f3 la instalaci\u00f3n de 67 m\u00f3dulos temporales de vivienda en el distrito de La Huaca, provincia de Paita, que fue uno de los m\u00e1s afectados por el sismo de 6.1 grados de magnitud que remeci\u00f3 gran parte de la regi\u00f3n Piura.<\/span><\/p>\n<p><span style=\"color: #000000;\">El MVCS, a trav\u00e9s de su Direcci\u00f3n General de Programas y Proyectos en Vivienda y Urbanismo, se encarga del traslado e instalaci\u00f3n de los m\u00f3dulos temporales, que tienen un \u00e1rea de 21m\u00b2 y cuentan con tres ambientes.<\/span><\/p>\n<p><a href=\"https:\/\/elinformanteperu.com\/wp-content\/uploads\/2021\/10\/vivienda-sullana1.jpg\"><img fetchpriority=\"high\" decoding=\"async\" class=\"alignnone size-full wp-image-106885\" src=\"https:\/\/elinformanteperu.com\/wp-content\/uploads\/2021\/10\/vivienda-sullana1.jpg\" alt=\"\" width=\"622\" height=\"451\" srcset=\"https:\/\/elinformanteperu.com\/wp-content\/uploads\/2021\/10\/vivienda-sullana1.jpg 622w, https:\/\/elinformanteperu.com\/wp-content\/uploads\/2021\/10\/vivienda-sullana1-300x218.jpg 300w\" sizes=\"(max-width: 622px) 100vw, 622px\" \/><\/a><\/p>\n<p><strong><span style=\"color: #000000;\">Bonos para las familias damnificadas<\/span><\/strong><\/p>\n<p><span style=\"color: #000000;\">El 21 de setiembre, el MVCS autoriz\u00f3 la transferencia de S\/ 25 551 680 al Fondo Mivivienda para otorgar el Bono Familiar Habitacional (BFH) del programa Techo Propio en la modalidad Construcci\u00f3n Sitio Propio en favor de las familias cuyas casas quedaron colapsadas o inhabitables tras el fuerte movimiento tel\u00farico.<\/span><\/p>\n<p><span style=\"color: #000000;\">Mientras se inicia la construcci\u00f3n de sus nuevas casas con ayuda de dicho bono, las familias damnificadas tendr\u00e1n cobijo en los m\u00f3dulos temporales de vivienda que vienen siendo instalados y que brindan condiciones \u00f3ptimas de habitabilidad.<\/span><\/p>\n","protected":false},"excerpt":{"rendered":"<p>Estas infraestructuras se suman a las 234 que se vienen instalando en Marcavelica y en distritos de Paita, y a los 67 que ya se han instalado en La Huaca (Paita). Lima, 15 Octubre 2021, (El Informante Per\u00fa).- El Ministerio de Vivienda, Construcci\u00f3n y Saneamiento (MVCS) inici\u00f3 el traslado a la provincia de Sullana de [&hellip;]<\/p>\n","protected":false},"author":1,"featured_media":106884,"comment_status":"closed","ping_status":"closed","sticky":false,"template":"","format":"standard","meta":{"rop_custom_images_group":[],"rop_custom_messages_group":[],"rop_publish_now":"initial","rop_publish_now_accounts":[],"rop_publish_now_history":[],"rop_publish_now_status":"pending","footnotes":""},"categories":[10],"tags":[1557,756],"class_list":["post-106883","post","type-post","status-publish","format-standard","has-post-thumbnail","hentry","category-actualidad-municipal","tag-ministerio-de-vivienda","tag-sullana"],"_links":{"self":[{"href":"https:\/\/elinformanteperu.com\/index.php\/wp-json\/wp\/v2\/posts\/106883","targetHints":{"allow":["GET"]}}],"collection":[{"href":"https:\/\/elinformanteperu.com\/index.php\/wp-json\/wp\/v2\/posts"}],"about":[{"href":"https:\/\/elinformanteperu.com\/index.php\/wp-json\/wp\/v2\/types\/post"}],"author":[{"embeddable":true,"href":"https:\/\/elinformanteperu.com\/index.php\/wp-json\/wp\/v2\/users\/1"}],"replies":[{"embeddable":true,"href":"https:\/\/elinformanteperu.com\/index.php\/wp-json\/wp\/v2\/comments?post=106883"}],"version-history":[{"count":1,"href":"https:\/\/elinformanteperu.com\/index.php\/wp-json\/wp\/v2\/posts\/106883\/revisions"}],"predecessor-version":[{"id":106886,"href":"https:\/\/elinformanteperu.com\/index.php\/wp-json\/wp\/v2\/posts\/106883\/revisions\/106886"}],"wp:featuredmedia":[{"embeddable":true,"href":"https:\/\/elinformanteperu.com\/index.php\/wp-json\/wp\/v2\/media\/106884"}],"wp:attachment":[{"href":"https:\/\/elinformanteperu.com\/index.php\/wp-json\/wp\/v2\/media?parent=106883"}],"wp:term":[{"taxonomy":"category","embeddable":true,"href":"https:\/\/elinformanteperu.com\/index.php\/wp-json\/wp\/v2\/categories?post=106883"},{"taxonomy":"post_tag","embeddable":true,"href":"https:\/\/elinformanteperu.com\/index.php\/wp-json\/wp\/v2\/tags?post=106883"}],"curies":[{"name":"wp","href":"https:\/\/api.w.org\/{rel}","templated":true}]}}