{"id":106877,"date":"2021-10-16T12:12:46","date_gmt":"2021-10-16T17:12:46","guid":{"rendered":"https:\/\/elinformanteperu.com\/?p=106877"},"modified":"2021-10-16T12:12:46","modified_gmt":"2021-10-16T17:12:46","slug":"tormenta-electrica-deja-dos-fallecidos-y-un-herido-en-huancavelica","status":"publish","type":"post","link":"https:\/\/elinformanteperu.com\/index.php\/2021\/10\/16\/tormenta-electrica-deja-dos-fallecidos-y-un-herido-en-huancavelica\/","title":{"rendered":"Tormenta el\u00e9ctrica deja dos fallecidos y un herido en Huancavelica"},"content":{"rendered":"<p><strong><span style=\"color: #000000;\">Se registr\u00f3 en el sector denominado Lambras Pampas del Barrio<\/span><\/strong><\/p>\n<p><span style=\"color: #000000;\"><strong>Lima, 15 Octubre 2021, (ANDINA).-<\/strong> Dos fallecidos, entre ellos un menor de edad, y un herido dej\u00f3 la tormenta el\u00e9ctrica registrada en el sector Lambras Pampas del Barrio, regi\u00f3n Huancavelica, seg\u00fan el reporte preliminar de la Oficina de Gesti\u00f3n del Riesgo de Desastres de la municipalidad distrital de Salcabamba, inform\u00f3 hoy el Instituto Nacional de Defensa Civil (Indeci).<\/span><\/p>\n<p><span style=\"color: #000000;\">\u00abAnte esta situaci\u00f3n, la persona herida fue trasladada al centro de salud, en donde posteriormente falleci\u00f3. Asimismo, en coordinaci\u00f3n con las entidades competentes, personal del centro m\u00e9dico realiz\u00f3 el levantamiento de los cuerpos\u00bb, precis\u00f3 en una nota de prensa.<\/span><\/p>\n<p><span style=\"color: #000000;\">Las autoridades locales tienen a su cargo la evaluaci\u00f3n de da\u00f1os y an\u00e1lisis de necesidades (EDAN) tras el evento clim\u00e1tico registrado la tarde del jueves 14 de octubre en el sector Lambras Pampas del Barrio del distrito de Salcabamba, provincia huancavelicana de Tayacaja.<\/span><\/p>\n<p><span style=\"color: #000000;\">El Indeci, a trav\u00e9s del Centro de Operaciones de Emergencia Nacional (COEN), coordina con las autoridades regionales y locales, monitorea la situaci\u00f3n y exhorta a mantener activos sus centros de operaciones de emergencia.<\/span><\/p>\n","protected":false},"excerpt":{"rendered":"<p>Se registr\u00f3 en el sector denominado Lambras Pampas del Barrio Lima, 15 Octubre 2021, (ANDINA).- Dos fallecidos, entre ellos un menor de edad, y un herido dej\u00f3 la tormenta el\u00e9ctrica registrada en el sector Lambras Pampas del Barrio, regi\u00f3n Huancavelica, seg\u00fan el reporte preliminar de la Oficina de Gesti\u00f3n del Riesgo de Desastres de la [&hellip;]<\/p>\n","protected":false},"author":1,"featured_media":106878,"comment_status":"closed","ping_status":"closed","sticky":false,"template":"","format":"standard","meta":{"rop_custom_images_group":[],"rop_custom_messages_group":[],"rop_publish_now":"initial","rop_publish_now_accounts":[],"rop_publish_now_history":[],"rop_publish_now_status":"pending","footnotes":""},"categories":[10],"tags":[148],"class_list":["post-106877","post","type-post","status-publish","format-standard","has-post-thumbnail","hentry","category-actualidad-municipal","tag-indeci"],"_links":{"self":[{"href":"https:\/\/elinformanteperu.com\/index.php\/wp-json\/wp\/v2\/posts\/106877","targetHints":{"allow":["GET"]}}],"collection":[{"href":"https:\/\/elinformanteperu.com\/index.php\/wp-json\/wp\/v2\/posts"}],"about":[{"href":"https:\/\/elinformanteperu.com\/index.php\/wp-json\/wp\/v2\/types\/post"}],"author":[{"embeddable":true,"href":"https:\/\/elinformanteperu.com\/index.php\/wp-json\/wp\/v2\/users\/1"}],"replies":[{"embeddable":true,"href":"https:\/\/elinformanteperu.com\/index.php\/wp-json\/wp\/v2\/comments?post=106877"}],"version-history":[{"count":1,"href":"https:\/\/elinformanteperu.com\/index.php\/wp-json\/wp\/v2\/posts\/106877\/revisions"}],"predecessor-version":[{"id":106879,"href":"https:\/\/elinformanteperu.com\/index.php\/wp-json\/wp\/v2\/posts\/106877\/revisions\/106879"}],"wp:featuredmedia":[{"embeddable":true,"href":"https:\/\/elinformanteperu.com\/index.php\/wp-json\/wp\/v2\/media\/106878"}],"wp:attachment":[{"href":"https:\/\/elinformanteperu.com\/index.php\/wp-json\/wp\/v2\/media?parent=106877"}],"wp:term":[{"taxonomy":"category","embeddable":true,"href":"https:\/\/elinformanteperu.com\/index.php\/wp-json\/wp\/v2\/categories?post=106877"},{"taxonomy":"post_tag","embeddable":true,"href":"https:\/\/elinformanteperu.com\/index.php\/wp-json\/wp\/v2\/tags?post=106877"}],"curies":[{"name":"wp","href":"https:\/\/api.w.org\/{rel}","templated":true}]}}