{"id":106304,"date":"2021-10-05T00:20:46","date_gmt":"2021-10-05T05:20:46","guid":{"rendered":"https:\/\/elinformanteperu.com\/?p=106304"},"modified":"2021-10-05T01:01:11","modified_gmt":"2021-10-05T06:01:11","slug":"covid-19-mas-del-90-de-fallecidos-hospitalizados-y-pacientes-en-uci-no-estaba-vacunado","status":"publish","type":"post","link":"https:\/\/elinformanteperu.com\/index.php\/2021\/10\/05\/covid-19-mas-del-90-de-fallecidos-hospitalizados-y-pacientes-en-uci-no-estaba-vacunado\/","title":{"rendered":"Covid-19: m\u00e1s del 90% de fallecidos, hospitalizados y pacientes en UCI no estaban vacunados"},"content":{"rendered":"<p><strong><span style=\"color: #000000;\">Minsa entreg\u00f3 informaci\u00f3n analizada del 8 de febrero al 29 de setiembre de este a\u00f1o<\/span><\/strong><\/p>\n<p><span style=\"color: #000000;\"><strong>Lima, 04 Octubre 2021, (ANDINA).-<\/strong> El Ministerio de Salud (Minsa) inform\u00f3 que m\u00e1s del 90 por ciento de los pacientes hospitalizados, internados en Unidades de Cuidados Intensivos (UCI) o que fallecieron a causa de la covid-19, entre febrero y setiembre del 2021, no estuvo vacunado contra dicha enfermedad.<\/span><\/p>\n<p><span style=\"color: #000000;\">En el monitoreo de casos que realiz\u00f3 el Minsa en los \u00faltimos ocho meses, se encontr\u00f3 que el 93.57% de los 25, 694 pacientes hospitalizados no estaba vacunado; solo el 3.71% se hab\u00eda aplicado la primera dosis y el 2.71 % ya ten\u00eda las dos dosis.<\/span><\/p>\n<p><span style=\"color: #000000;\">Semejante relaci\u00f3n se repiti\u00f3 en quienes estuvieron en la Unidad de Cuidados Intensivos (UCI) de los establecimientos de salud. De las 3,124 personas internadas, el 90.91% no hab\u00eda recibido ninguna vacuna contra la covid-19; solo el 5.44% se inmuniz\u00f3 con la primera dosis y 3.65 % ten\u00eda dosis completa.<\/span><\/p>\n<p><span style=\"color: #000000;\">Asimismo, el 94.05 % de los 10,717 peruanos que fallecieron por covid-19 entre febrero y setiembre no hab\u00eda recibido ninguna vacuna; el 5.44 % de la cifra mencionada ten\u00eda la primera dosis y el 1.47 % las dos dosis.<\/span><\/p>\n<p><strong><span style=\"color: #000000;\">Dosis aplicadas<\/span><\/strong><\/p>\n<p><span style=\"color: #000000;\">En su reporte de hoy lunes 4 de octubre que aparece en el Repositorio \u00danico Nacional de Informaci\u00f3n en Salud (Reunis), el Minsa inform\u00f3 que desde el inici\u00f3 del proceso de vacunaci\u00f3n en el Per\u00fa, el 8 de febrero, hasta la fecha, ya se aplicaron 27 millones 914,896 dosis de vacunas.<\/span><\/p>\n<p><span style=\"color: #000000;\">De ese total, 16 millones 267,443 corresponde a la primera dosis y 11 millones 647,453 completaron la segunda dosis, lo que representa el 42 % de la poblaci\u00f3n objetivo.<\/span><\/p>\n<p><span style=\"color: #000000;\">Seg\u00fan informaci\u00f3n de la autoridad de salud, la poblaci\u00f3n objetivo son hombres y mujeres mayores de 12 a\u00f1os, que en el Per\u00fa suman 28 millones 24,250 personas.<\/span><\/p>\n<p><strong><span style=\"color: #000000;\">Tercera dosis<\/span><\/strong><\/p>\n<p><span style=\"color: #000000;\">El ministro de salud, Hernando Cevallos, inform\u00f3 que posiblemente a fines de octubre, el personal de salud que atiende directamente a las personas contagiadas con el virus, recibir\u00e1 la tercera dosis de la vacuna contra la covid-19.<\/span><\/p>\n<p><span style=\"color: #000000;\">Precis\u00f3 que depender\u00e1 de la elaboraci\u00f3n del protocolo del calendario de vacunaci\u00f3n, que el Minsa terminar\u00e1 de dise\u00f1ar esta semana, porque el proceso de inmunizaci\u00f3n tiene que ser seguro y ordenado.<\/span><\/p>\n<p><span style=\"color: #000000;\">Cevallos indic\u00f3 que est\u00e1n evaluando aplicar la tercera dosis, con una vacuna de marca diferente a las que se usan actualmente en el proceso de inmunizaci\u00f3n.<\/span><\/p>\n<p><span style=\"color: #000000;\">Por su parte, el viceministro de Salud P\u00fablica del Minsa, Gustavo Rosell, inform\u00f3 que durante octubre llegar\u00e1n al Per\u00fa 12 millones de dosis de la vacuna contra el covid-19 para cerrar las brechas pendientes y reducir los grupos etarios de vacunaci\u00f3n.<\/span><\/p>\n<p><span style=\"color: #000000;\">Durante octubre se estima inmunizar a 15 millones de peruanos con las dos dosis de la vacuna contra el covid-19, se\u00f1al\u00f3.<\/span><\/p>\n","protected":false},"excerpt":{"rendered":"<p>Minsa entreg\u00f3 informaci\u00f3n analizada del 8 de febrero al 29 de setiembre de este a\u00f1o Lima, 04 Octubre 2021, (ANDINA).- El Ministerio de Salud (Minsa) inform\u00f3 que m\u00e1s del 90 por ciento de los pacientes hospitalizados, internados en Unidades de Cuidados Intensivos (UCI) o que fallecieron a causa de la covid-19, entre febrero y setiembre [&hellip;]<\/p>\n","protected":false},"author":1,"featured_media":103103,"comment_status":"closed","ping_status":"closed","sticky":false,"template":"","format":"standard","meta":{"rop_custom_images_group":[],"rop_custom_messages_group":[],"rop_publish_now":"initial","rop_publish_now_accounts":[],"rop_publish_now_history":[],"rop_publish_now_status":"pending","footnotes":""},"categories":[10],"tags":[388,431,5939],"class_list":["post-106304","post","type-post","status-publish","format-standard","has-post-thumbnail","hentry","category-actualidad-municipal","tag-ministerio-de-salud","tag-minsa","tag-vacunacion"],"_links":{"self":[{"href":"https:\/\/elinformanteperu.com\/index.php\/wp-json\/wp\/v2\/posts\/106304","targetHints":{"allow":["GET"]}}],"collection":[{"href":"https:\/\/elinformanteperu.com\/index.php\/wp-json\/wp\/v2\/posts"}],"about":[{"href":"https:\/\/elinformanteperu.com\/index.php\/wp-json\/wp\/v2\/types\/post"}],"author":[{"embeddable":true,"href":"https:\/\/elinformanteperu.com\/index.php\/wp-json\/wp\/v2\/users\/1"}],"replies":[{"embeddable":true,"href":"https:\/\/elinformanteperu.com\/index.php\/wp-json\/wp\/v2\/comments?post=106304"}],"version-history":[{"count":2,"href":"https:\/\/elinformanteperu.com\/index.php\/wp-json\/wp\/v2\/posts\/106304\/revisions"}],"predecessor-version":[{"id":106323,"href":"https:\/\/elinformanteperu.com\/index.php\/wp-json\/wp\/v2\/posts\/106304\/revisions\/106323"}],"wp:featuredmedia":[{"embeddable":true,"href":"https:\/\/elinformanteperu.com\/index.php\/wp-json\/wp\/v2\/media\/103103"}],"wp:attachment":[{"href":"https:\/\/elinformanteperu.com\/index.php\/wp-json\/wp\/v2\/media?parent=106304"}],"wp:term":[{"taxonomy":"category","embeddable":true,"href":"https:\/\/elinformanteperu.com\/index.php\/wp-json\/wp\/v2\/categories?post=106304"},{"taxonomy":"post_tag","embeddable":true,"href":"https:\/\/elinformanteperu.com\/index.php\/wp-json\/wp\/v2\/tags?post=106304"}],"curies":[{"name":"wp","href":"https:\/\/api.w.org\/{rel}","templated":true}]}}