{"id":106295,"date":"2021-10-04T23:59:14","date_gmt":"2021-10-05T04:59:14","guid":{"rendered":"https:\/\/elinformanteperu.com\/?p=106295"},"modified":"2021-10-04T23:59:14","modified_gmt":"2021-10-05T04:59:14","slug":"santiago-ormeno-he-sonado-con-hacer-goles-con-la-seleccion-peruana","status":"publish","type":"post","link":"https:\/\/elinformanteperu.com\/index.php\/2021\/10\/04\/santiago-ormeno-he-sonado-con-hacer-goles-con-la-seleccion-peruana\/","title":{"rendered":"Santiago Orme\u00f1o: \u00abHe so\u00f1ado con hacer goles con la selecci\u00f3n peruana\u00bb"},"content":{"rendered":"<p><span style=\"color: #000000;\"><strong>Lima, 04 Octubre 2021, (ANDINA).-<\/strong> El delantero Santiago Orme\u00f1o asegur\u00f3 hoy que ha so\u00f1ado con hacer goles con la selecci\u00f3n peruana y que ante Chile son partidos de \u00abvida o muerte\u00bb. Tambi\u00e9n se\u00f1al\u00f3 que no tendr\u00eda problemas de jugar en la altura de La Paz ante Bolivia, el domingo 10 de octubre, si el t\u00e9cnico Ricardo Gareca as\u00ed lo decide.<\/span><\/p>\n<p><span style=\"color: #000000;\">Santiago Orme\u00f1o, quien pertenece a las fila de el Le\u00f3n de M\u00e9xico, mostr\u00f3 su felicidad de ser convocado a la selecci\u00f3n peruana por lo que dijo llega a Lima con el entusiasmo de entregarse al m\u00e1ximo para ayudar a la Blanquirroja a tratar de ganar los 9 puntos en juego cuando enfrente a Chile, Bolivia y Argentina en la fecha triple de las eliminatorias al Mundial Catar 2022.<\/span><\/p>\n<p><span style=\"color: #000000;\">\u00abEstoy muy contento de tener una oportunidad m\u00e1s con la selecci\u00f3n y estoy listo para esta fecha triple. Yo s\u00e9 que como delantero se requieren goles y vengo con mucho entusiasmo para dar lo mejor de m\u00ed\u00bb, dijo Orme\u00f1o en RPP.<\/span><\/p>\n<p><span style=\"color: #000000;\">El jugador nacido en M\u00e9xico, pero de origen peruano, manifest\u00f3 estar listo para jugar en la altura de La Paz, ya que \u00e9l est\u00e1 a acostumbrado a desarrollarse en esa superficie.<\/span><\/p>\n<p><span style=\"color: #000000;\">\u00abEstoy acostumbrado a jugar en altura, pero el t\u00e9cnico es quien decide. Si el profesor decide que est\u00e9 ah\u00ed, dar\u00e9 lo mejor. En la fecha triple pasada no estuve convocado, no estaba muy bien pero ahora ya estoy totalmente recuperado\u00bb.<\/span><\/p>\n<p><span style=\"color: #000000;\">Sobre el choque ante Chile, Orme\u00f1o coment\u00f3 que \u00abno creo que haya favoritos ante Chile porque son Eliminatorias mundialistas, son partidos a vida o muerte. He so\u00f1ado con hacer goles con la selecci\u00f3n peruana\u00bb.<\/span><\/p>\n<p><span style=\"color: #000000;\">De otro lado, no dud\u00f3 en responder que su \u00eddolo es Paolo Guerrero y que tendr\u00e1 la posibilidad de conocerlo y por eso se siente \u00abmuy feliz\u00bb.<\/span><\/p>\n<p><span style=\"color: #000000;\">La selecci\u00f3n peruana comenzar\u00e1, en breve, una nueva sesi\u00f3n de entrenamiento con miras a afrontar la jornada triple ante Chile (jueves 7 de octubre), Bolivia (domingo 10 de octubre) y Argentina (jueves 14 de octubre).<\/span><\/p>\n<p><a href=\"https:\/\/elinformanteperu.com\/wp-content\/uploads\/2021\/07\/Santiago-Ormeno-Peru-Paraguay.jpg\"><img fetchpriority=\"high\" decoding=\"async\" class=\"alignnone size-full wp-image-101942\" src=\"https:\/\/elinformanteperu.com\/wp-content\/uploads\/2021\/07\/Santiago-Ormeno-Peru-Paraguay.jpg\" alt=\"\" width=\"1800\" height=\"1200\" srcset=\"https:\/\/elinformanteperu.com\/wp-content\/uploads\/2021\/07\/Santiago-Ormeno-Peru-Paraguay.jpg 1800w, https:\/\/elinformanteperu.com\/wp-content\/uploads\/2021\/07\/Santiago-Ormeno-Peru-Paraguay-300x200.jpg 300w, https:\/\/elinformanteperu.com\/wp-content\/uploads\/2021\/07\/Santiago-Ormeno-Peru-Paraguay-1024x683.jpg 1024w, https:\/\/elinformanteperu.com\/wp-content\/uploads\/2021\/07\/Santiago-Ormeno-Peru-Paraguay-768x512.jpg 768w, https:\/\/elinformanteperu.com\/wp-content\/uploads\/2021\/07\/Santiago-Ormeno-Peru-Paraguay-1536x1024.jpg 1536w\" sizes=\"(max-width: 1800px) 100vw, 1800px\" \/><\/a><\/p>\n","protected":false},"excerpt":{"rendered":"<p>Lima, 04 Octubre 2021, (ANDINA).- El delantero Santiago Orme\u00f1o asegur\u00f3 hoy que ha so\u00f1ado con hacer goles con la selecci\u00f3n peruana y que ante Chile son partidos de \u00abvida o muerte\u00bb. Tambi\u00e9n se\u00f1al\u00f3 que no tendr\u00eda problemas de jugar en la altura de La Paz ante Bolivia, el domingo 10 de octubre, si el t\u00e9cnico [&hellip;]<\/p>\n","protected":false},"author":1,"featured_media":106296,"comment_status":"closed","ping_status":"closed","sticky":false,"template":"","format":"standard","meta":{"rop_custom_images_group":[],"rop_custom_messages_group":[],"rop_publish_now":"initial","rop_publish_now_accounts":[],"rop_publish_now_history":[],"rop_publish_now_status":"pending","footnotes":""},"categories":[8],"tags":[6405],"class_list":["post-106295","post","type-post","status-publish","format-standard","has-post-thumbnail","hentry","category-disciplinas-deportivas","tag-santiago-ormeno"],"_links":{"self":[{"href":"https:\/\/elinformanteperu.com\/index.php\/wp-json\/wp\/v2\/posts\/106295","targetHints":{"allow":["GET"]}}],"collection":[{"href":"https:\/\/elinformanteperu.com\/index.php\/wp-json\/wp\/v2\/posts"}],"about":[{"href":"https:\/\/elinformanteperu.com\/index.php\/wp-json\/wp\/v2\/types\/post"}],"author":[{"embeddable":true,"href":"https:\/\/elinformanteperu.com\/index.php\/wp-json\/wp\/v2\/users\/1"}],"replies":[{"embeddable":true,"href":"https:\/\/elinformanteperu.com\/index.php\/wp-json\/wp\/v2\/comments?post=106295"}],"version-history":[{"count":1,"href":"https:\/\/elinformanteperu.com\/index.php\/wp-json\/wp\/v2\/posts\/106295\/revisions"}],"predecessor-version":[{"id":106297,"href":"https:\/\/elinformanteperu.com\/index.php\/wp-json\/wp\/v2\/posts\/106295\/revisions\/106297"}],"wp:featuredmedia":[{"embeddable":true,"href":"https:\/\/elinformanteperu.com\/index.php\/wp-json\/wp\/v2\/media\/106296"}],"wp:attachment":[{"href":"https:\/\/elinformanteperu.com\/index.php\/wp-json\/wp\/v2\/media?parent=106295"}],"wp:term":[{"taxonomy":"category","embeddable":true,"href":"https:\/\/elinformanteperu.com\/index.php\/wp-json\/wp\/v2\/categories?post=106295"},{"taxonomy":"post_tag","embeddable":true,"href":"https:\/\/elinformanteperu.com\/index.php\/wp-json\/wp\/v2\/tags?post=106295"}],"curies":[{"name":"wp","href":"https:\/\/api.w.org\/{rel}","templated":true}]}}