{"id":106292,"date":"2021-10-04T23:49:27","date_gmt":"2021-10-05T04:49:27","guid":{"rendered":"https:\/\/elinformanteperu.com\/?p=106292"},"modified":"2021-10-04T23:49:27","modified_gmt":"2021-10-05T04:49:27","slug":"riquelme-y-su-elogio-a-carlos-zambrano-cada-vez-que-juega-lo-hace-de-maravilla","status":"publish","type":"post","link":"https:\/\/elinformanteperu.com\/index.php\/2021\/10\/04\/riquelme-y-su-elogio-a-carlos-zambrano-cada-vez-que-juega-lo-hace-de-maravilla\/","title":{"rendered":"Riquelme y su elogio a Carlos Zambrano: \u00abCada vez que juega lo hace de maravilla\u00bb"},"content":{"rendered":"<p><span style=\"color: #000000;\"><strong>Lima, 04 Octubre 2021, (ANDINA).-<\/strong> El vicepresidente e \u00eddolo del Boca Juniors de Argentina, Juan Rom\u00e1n Riquelme elogi\u00f3 hoy al defensa central peruano, Carlos Zambrano, a pesar de la derrota por 2 a 1 que sufri\u00f3 el equipo boquense en manos del River Plate, en el supercl\u00e1sico del f\u00fatbol argentino.<\/span><\/p>\n<p><span style=\"color: #000000;\">Fue al explicar la decisi\u00f3n del entrenador Sebasti\u00e1n Battaglia de sacar del campo al colombiano Edwin Cardona para el ingreso de Zambrano, tras la expulsi\u00f3n del central Marcos Rojo, en el duelo contra los dirigidos por Marcelo Gallardo.<\/span><\/p>\n<p><span style=\"color: #000000;\">\u00abAyer, despu\u00e9s de la expulsi\u00f3n, la decisi\u00f3n de Sebasti\u00e1n (Battaglia) fue sacarlo a \u00e9l. Ten\u00eda que poner a un central y puso a Carlos (Zambrano) que siempre que juega lo hace de maravilla. Sebasti\u00e1n tom\u00f3 la decisi\u00f3n de sacar a Cardona pero no fue por otro tema. En partidos anteriores fue porque ven\u00eda de mucho tiempo parado\u00bb, manifest\u00f3 a TyC Sports.<\/span><\/p>\n<p><span style=\"color: #000000;\">Precisamente Carlos Zambrano se hizo presente con gol, en el minuto 93 con un fuerte golpe de cabeza que venci\u00f3 al golero Franco Armani, en el supercl\u00e1sico del f\u00fatbol argentino. El defensa peruano ingres\u00f3 a los 18 minutos luego que Marcos Rojo fuera expulsado dejando a los xeneizes con 10 jugadores en el cotejo jugado en el Estadio Monumental, con gran cantidad de p\u00fablico.<\/span><\/p>\n<p><span style=\"color: #000000;\">Riquelme consider\u00f3 que la expulsi\u00f3n de Marcos Rojo no fue correcta y eso influy\u00f3 en el tr\u00e1mite del juego.<\/span><\/p>\n<p><span style=\"color: #000000;\">Mencion\u00f3 que desde que asumi\u00f3 el liderazgo de Boca Juniors se jugaron cinco supercl\u00e1sicos, y en tres de ellos, se expuls\u00f3 a un jugador del cuadro auriazul.<\/span><\/p>\n<p><span style=\"color: #000000;\">En ese sentido, refiri\u00f3 que Carlos Zambrano estuvo mal expulsado en el cotejo que jug\u00f3 contra River Plate, el pasado 14 de marzo.<\/span><\/p>\n<p><span style=\"color: #000000;\">Zambrano, de 32 a\u00f1os, no est\u00e1 considerado como titular con Boca Juniors, ante el afianzamiento de la zaga conformada por Rojo y Carlos Izquierdoz.<\/span><\/p>\n<p><strong><span style=\"color: #000000;\">Selecci\u00f3n peruana<\/span><\/strong><\/p>\n<p><span style=\"color: #000000;\">Carlos Zambrano y su compa\u00f1ero de equipo en Boca Juniors, Luis Adv\u00edncula, llegaron hoy a Lima para integrarse a los entrenamientos de la selecci\u00f3n peruana con miras a la decisiva fecha triple de eliminatorias ante Chile (7 de octubre), Bolivia (10 de octubre) y Argentina (14 de octubre).<\/span><\/p>\n<p><span style=\"color: #000000;\">Tras un a\u00f1o de ausencia en la selecci\u00f3n peruana, Zambrano es considerado por la prensa como una posibilidad muy fuerte para comandar la zaga incaica ante el combinado chilena en el Estadio Nacional de Lima el jueves 7 de octubre.<\/span><\/p>\n<p><a href=\"https:\/\/elinformanteperu.com\/wp-content\/uploads\/2021\/01\/boca-y-river-zambrano.jpg\"><img fetchpriority=\"high\" decoding=\"async\" class=\"alignnone size-full wp-image-89853\" src=\"https:\/\/elinformanteperu.com\/wp-content\/uploads\/2021\/01\/boca-y-river-zambrano.jpg\" alt=\"\" width=\"1800\" height=\"1252\" srcset=\"https:\/\/elinformanteperu.com\/wp-content\/uploads\/2021\/01\/boca-y-river-zambrano.jpg 1800w, https:\/\/elinformanteperu.com\/wp-content\/uploads\/2021\/01\/boca-y-river-zambrano-300x209.jpg 300w, https:\/\/elinformanteperu.com\/wp-content\/uploads\/2021\/01\/boca-y-river-zambrano-1024x712.jpg 1024w, https:\/\/elinformanteperu.com\/wp-content\/uploads\/2021\/01\/boca-y-river-zambrano-768x534.jpg 768w, https:\/\/elinformanteperu.com\/wp-content\/uploads\/2021\/01\/boca-y-river-zambrano-1536x1068.jpg 1536w\" sizes=\"(max-width: 1800px) 100vw, 1800px\" \/><\/a><\/p>\n","protected":false},"excerpt":{"rendered":"<p>Lima, 04 Octubre 2021, (ANDINA).- El vicepresidente e \u00eddolo del Boca Juniors de Argentina, Juan Rom\u00e1n Riquelme elogi\u00f3 hoy al defensa central peruano, Carlos Zambrano, a pesar de la derrota por 2 a 1 que sufri\u00f3 el equipo boquense en manos del River Plate, en el supercl\u00e1sico del f\u00fatbol argentino. Fue al explicar la decisi\u00f3n [&hellip;]<\/p>\n","protected":false},"author":1,"featured_media":106293,"comment_status":"closed","ping_status":"closed","sticky":false,"template":"","format":"standard","meta":{"rop_custom_images_group":[],"rop_custom_messages_group":[],"rop_publish_now":"initial","rop_publish_now_accounts":[],"rop_publish_now_history":[],"rop_publish_now_status":"pending","footnotes":""},"categories":[8],"tags":[2642,1885],"class_list":["post-106292","post","type-post","status-publish","format-standard","has-post-thumbnail","hentry","category-disciplinas-deportivas","tag-boca-juniors","tag-carlos-zambrano"],"_links":{"self":[{"href":"https:\/\/elinformanteperu.com\/index.php\/wp-json\/wp\/v2\/posts\/106292","targetHints":{"allow":["GET"]}}],"collection":[{"href":"https:\/\/elinformanteperu.com\/index.php\/wp-json\/wp\/v2\/posts"}],"about":[{"href":"https:\/\/elinformanteperu.com\/index.php\/wp-json\/wp\/v2\/types\/post"}],"author":[{"embeddable":true,"href":"https:\/\/elinformanteperu.com\/index.php\/wp-json\/wp\/v2\/users\/1"}],"replies":[{"embeddable":true,"href":"https:\/\/elinformanteperu.com\/index.php\/wp-json\/wp\/v2\/comments?post=106292"}],"version-history":[{"count":1,"href":"https:\/\/elinformanteperu.com\/index.php\/wp-json\/wp\/v2\/posts\/106292\/revisions"}],"predecessor-version":[{"id":106294,"href":"https:\/\/elinformanteperu.com\/index.php\/wp-json\/wp\/v2\/posts\/106292\/revisions\/106294"}],"wp:featuredmedia":[{"embeddable":true,"href":"https:\/\/elinformanteperu.com\/index.php\/wp-json\/wp\/v2\/media\/106293"}],"wp:attachment":[{"href":"https:\/\/elinformanteperu.com\/index.php\/wp-json\/wp\/v2\/media?parent=106292"}],"wp:term":[{"taxonomy":"category","embeddable":true,"href":"https:\/\/elinformanteperu.com\/index.php\/wp-json\/wp\/v2\/categories?post=106292"},{"taxonomy":"post_tag","embeddable":true,"href":"https:\/\/elinformanteperu.com\/index.php\/wp-json\/wp\/v2\/tags?post=106292"}],"curies":[{"name":"wp","href":"https:\/\/api.w.org\/{rel}","templated":true}]}}