{"id":10628,"date":"2017-05-25T00:46:18","date_gmt":"2017-05-25T05:46:18","guid":{"rendered":"http:\/\/elinformanteperu.com\/?p=10628"},"modified":"2017-05-25T00:46:18","modified_gmt":"2017-05-25T05:46:18","slug":"alejandro-toledo-vuelve-a-aparecer-en-una-conferencia-en-nueva-york","status":"publish","type":"post","link":"https:\/\/elinformanteperu.com\/index.php\/2017\/05\/25\/alejandro-toledo-vuelve-a-aparecer-en-una-conferencia-en-nueva-york\/","title":{"rendered":"Alejandro Toledo vuelve a aparecer en una conferencia en Nueva York"},"content":{"rendered":"<p><strong><span style=\"color: #000000;\">El expresidente peruano Alejandro Toledo, reclamado por la justicia de su pa\u00eds, intervino en una conferencia sobre pol\u00edticas de desarrollo, en Nueva York, Estados Unidos.<\/span><\/strong><\/p>\n<p><span style=\"color: #000000;\"><strong>Nueva York, 24 Mayo 2017, (ANDINA).-<\/strong> El expresidente peruano Alejandro Toledo, reclamado por la justicia de su pa\u00eds, donde est\u00e1 acusado de recibir sobornos de la empresa brasile\u00f1a Odebrecht, intervino en una conferencia sobre pol\u00edticas de desarrollo, en Nueva York, Estados Unidos.<\/span><\/p>\n<p><span style=\"color: #000000;\">Toledo, que a su llegada no quiso brindar declaraciones a los periodistas, tampoco mencion\u00f3 su situaci\u00f3n judicial en su discurso, que pronunci\u00f3 en ingl\u00e9s.<\/span><\/p>\n<p><span style=\"color: #000000;\">En \u00e9l, el exmandatario se centr\u00f3 en la necesidad de impulsar un desarrollo sostenible e invertir en educaci\u00f3n, haciendo hincapi\u00e9 en c\u00f3mo el mundo est\u00e1 cambiando y en la necesidad de optar por pol\u00edticas que ofrezcan respuestas a mediano y largo plazo.<\/span><\/p>\n<p><span style=\"color: #000000;\">Toledo reapareci\u00f3 en la v\u00edspera en un foro acad\u00e9mico organizado por la Misi\u00f3n Permanente de Surinam de la ONU, en el cual fue ponente acerca de las asociaciones p\u00fablico-privadas.<\/span><\/p>\n<p><span style=\"color: #000000;\">Sobre el exmandatario hay una orden de captura internacional y una solicitud de detenci\u00f3n preventiva con fines de extradici\u00f3n.<\/span><\/p>\n<p><span style=\"color: #000000;\">Dichas medidas est\u00e1n relacionadas con los casos de la supuesta coima que pag\u00f3 Odebrecht para adjudicarse los primeros tramos de la carretera Interoce\u00e1nica y el presunto delito de lavado de activos o caso Ecoteva.<\/span><\/p>\n","protected":false},"excerpt":{"rendered":"<p>El expresidente peruano Alejandro Toledo, reclamado por la justicia de su pa\u00eds, intervino en una conferencia sobre pol\u00edticas de desarrollo, en Nueva York, Estados Unidos. Nueva York, 24 Mayo 2017, (ANDINA).- El expresidente peruano Alejandro Toledo, reclamado por la justicia de su pa\u00eds, donde est\u00e1 acusado de recibir sobornos de la empresa brasile\u00f1a Odebrecht, intervino [&hellip;]<\/p>\n","protected":false},"author":1,"featured_media":10629,"comment_status":"open","ping_status":"open","sticky":false,"template":"","format":"standard","meta":{"rop_custom_images_group":[],"rop_custom_messages_group":[],"rop_publish_now":"initial","rop_publish_now_accounts":[],"rop_publish_now_history":[],"rop_publish_now_status":"pending","footnotes":""},"categories":[5],"tags":[208,619],"class_list":["post-10628","post","type-post","status-publish","format-standard","has-post-thumbnail","hentry","category-actualidad-informativa","tag-alejandro-toledo","tag-odebrecht"],"_links":{"self":[{"href":"https:\/\/elinformanteperu.com\/index.php\/wp-json\/wp\/v2\/posts\/10628","targetHints":{"allow":["GET"]}}],"collection":[{"href":"https:\/\/elinformanteperu.com\/index.php\/wp-json\/wp\/v2\/posts"}],"about":[{"href":"https:\/\/elinformanteperu.com\/index.php\/wp-json\/wp\/v2\/types\/post"}],"author":[{"embeddable":true,"href":"https:\/\/elinformanteperu.com\/index.php\/wp-json\/wp\/v2\/users\/1"}],"replies":[{"embeddable":true,"href":"https:\/\/elinformanteperu.com\/index.php\/wp-json\/wp\/v2\/comments?post=10628"}],"version-history":[{"count":1,"href":"https:\/\/elinformanteperu.com\/index.php\/wp-json\/wp\/v2\/posts\/10628\/revisions"}],"predecessor-version":[{"id":10630,"href":"https:\/\/elinformanteperu.com\/index.php\/wp-json\/wp\/v2\/posts\/10628\/revisions\/10630"}],"wp:featuredmedia":[{"embeddable":true,"href":"https:\/\/elinformanteperu.com\/index.php\/wp-json\/wp\/v2\/media\/10629"}],"wp:attachment":[{"href":"https:\/\/elinformanteperu.com\/index.php\/wp-json\/wp\/v2\/media?parent=10628"}],"wp:term":[{"taxonomy":"category","embeddable":true,"href":"https:\/\/elinformanteperu.com\/index.php\/wp-json\/wp\/v2\/categories?post=10628"},{"taxonomy":"post_tag","embeddable":true,"href":"https:\/\/elinformanteperu.com\/index.php\/wp-json\/wp\/v2\/tags?post=10628"}],"curies":[{"name":"wp","href":"https:\/\/api.w.org\/{rel}","templated":true}]}}