{"id":10625,"date":"2017-05-25T00:42:19","date_gmt":"2017-05-25T05:42:19","guid":{"rendered":"http:\/\/elinformanteperu.com\/?p=10625"},"modified":"2017-05-25T00:42:19","modified_gmt":"2017-05-25T05:42:19","slug":"reaparicion-de-toledo-es-una-falta-de-respeto-al-pais-dice-perez-tello","status":"publish","type":"post","link":"https:\/\/elinformanteperu.com\/index.php\/2017\/05\/25\/reaparicion-de-toledo-es-una-falta-de-respeto-al-pais-dice-perez-tello\/","title":{"rendered":"Reaparici\u00f3n de Toledo es una falta de respeto al pa\u00eds, dice P\u00e9rez Tello"},"content":{"rendered":"<p><span style=\"color: #000000;\"><strong>La ministra de Justicia, Mar\u00eda Soledad P\u00e9rez Tello, consider\u00f3 como una falta de respeto al pa\u00eds la reciente aparici\u00f3n de Alejandro Toledo en un evento en Estados Unidos.<\/strong><\/span><\/p>\n<p><span style=\"color: #000000;\"><strong>Lima, 24 Mayo 2017, (ANDINA).-<\/strong> La ministra de Justicia, Mar\u00eda Soledad P\u00e9rez Tello, consider\u00f3 como una falta de respeto al pa\u00eds la reciente aparici\u00f3n del exmandatario Alejandro Toledo en un evento acad\u00e9mico en Estados Unidos, cuando pesa sobre \u00e9l una orden de captura internacional y un pedido de detenci\u00f3n preventiva.<\/span><\/p>\n<p><span style=\"color: #000000;\">Record\u00f3 que el exmandatario es requerido por la justicia no solo por un tema de presunta corrupci\u00f3n, sino por haber incurrido presuntamente en el delito de lavado de activos, por lo que se mostr\u00f3 indignada al observar en Toledo una actitud de aparente normalidad.<\/span><\/p>\n<p><span style=\"color: #000000;\">\u201cTengo que compartir como ciudadana mi indignaci\u00f3n. A m\u00ed me parece una falta de respeto al pa\u00eds que el se\u00f1or (Toledo) est\u00e9 haciendo como que aqu\u00ed no pasa nada, y tratando de dar la apariencia de normalidad cuando tiene, no uno, sino dos pedidos de detenci\u00f3n\u201d, enfatiz\u00f3.<\/span><\/p>\n<p><span style=\"color: #000000;\">En ese sentido, la funcionaria ratific\u00f3 que el expresidente Toledo deber\u00eda asumir su responsabilidad frente a la justicia peruana, y no estar \u201cdando lecciones de nada\u201d, cuando se le acusa de haber recibido 20 millones de d\u00f3lares de la empresa Odebrecht.<\/span><\/p>\n<p><span style=\"color: #000000;\">\u201cCompartimos como Ejecutivo esta indignaci\u00f3n ciudadana, y nos parece una burla. No es lo que se espera de quien fue presidente del pa\u00eds\u201d, apunt\u00f3 en entrevista con TV Per\u00fa.<\/span><\/p>\n<p><span style=\"color: #000000;\">Seg\u00fan detall\u00f3, este \u00faltimo caso de corrupci\u00f3n deriv\u00f3 en un pedido de detenci\u00f3n contra Toledo, que deber\u00e1 ser evaluado por el Departamento de Justicia de Estados Unidos y luego en la Corte de ese pa\u00eds, lo cual implicar\u00e1 que en su momento el Per\u00fa nombre a un procurador ad-hoc que siga el caso.<\/span><\/p>\n<p><span style=\"color: #000000;\">\u201cLa idea es acompa\u00f1ar el proceso de extradici\u00f3n, que se inicia formalmente cuando esto pasa a la Corte. Ahora todav\u00eda est\u00e1 a nivel del Departamento de Estado\u201d, indic\u00f3 la titular de Justicia.<\/span><\/p>\n<p><span style=\"color: #000000;\">Asimismo, adelant\u00f3 que en las pr\u00f3ximas horas se decidir\u00e1 si se acumulan los dos procesos contra Toledo: la supuesta coima que pag\u00f3 Odebrecht para adjudicarse los primeros tramos de la Carretera Interoce\u00e1nica y el presunto delito de lavado de activos o caso Ecoteva.<\/span><\/p>\n<p><span style=\"color: #000000;\">\u201cHoy se est\u00e1 haciendo una audiencia de acumulaci\u00f3n (\u2026). La acumulaci\u00f3n es sana y necesaria porque si ya es dif\u00edcil explicar que en el pa\u00eds hay dos pedidos de detenci\u00f3n, m\u00e1s dif\u00edcil es decir que uno es con el c\u00f3digo procesal y el otro con el c\u00f3digo de procedimientos\u201d, remarc\u00f3.<\/span><\/p>\n<p><span style=\"color: #000000;\">P\u00e9rez Tello agreg\u00f3, en tal sentido, que la acumulaci\u00f3n de los dos procesos permitir\u00e1 plantear de manera m\u00e1s directa, integrada y sin distorsiones toda la narrativa jur\u00eddica de caso Toledo al Departamento de Estado del pa\u00eds norteamericano.<\/span><\/p>\n<p><span style=\"color: #000000;\">La titular de Justicia y Derechos Humanos recalc\u00f3 que se monitorea el caso \u201cd\u00eda a d\u00eda\u201d y contin\u00faa coordinando de manera fluida, adem\u00e1s de brindar todas las facilidades, sin interferir en la labor de las autoridades judiciales.<\/span><\/p>\n<p><span style=\"color: #000000;\">El trabajo del sector Justicia pasa no solo por brindar el apoyo necesario al fiscal superior, Alonso Pe\u00f1a Cabrera, jefe de la Unidad de Cooperaci\u00f3n Judicial Internacional y Extradiciones de la Fiscal\u00eda de la Naci\u00f3n, sino tambi\u00e9n por intervenir con el sistema de defensa jur\u00eddica del Estado, a\u00f1adi\u00f3.<\/span><\/p>\n","protected":false},"excerpt":{"rendered":"<p>La ministra de Justicia, Mar\u00eda Soledad P\u00e9rez Tello, consider\u00f3 como una falta de respeto al pa\u00eds la reciente aparici\u00f3n de Alejandro Toledo en un evento en Estados Unidos. Lima, 24 Mayo 2017, (ANDINA).- La ministra de Justicia, Mar\u00eda Soledad P\u00e9rez Tello, consider\u00f3 como una falta de respeto al pa\u00eds la reciente aparici\u00f3n del exmandatario Alejandro [&hellip;]<\/p>\n","protected":false},"author":1,"featured_media":10626,"comment_status":"open","ping_status":"open","sticky":false,"template":"","format":"standard","meta":{"rop_custom_images_group":[],"rop_custom_messages_group":[],"rop_publish_now":"initial","rop_publish_now_accounts":[],"rop_publish_now_history":[],"rop_publish_now_status":"pending","footnotes":""},"categories":[5],"tags":[208,1115],"class_list":["post-10625","post","type-post","status-publish","format-standard","has-post-thumbnail","hentry","category-actualidad-informativa","tag-alejandro-toledo","tag-maria-soledad-perez-tello"],"_links":{"self":[{"href":"https:\/\/elinformanteperu.com\/index.php\/wp-json\/wp\/v2\/posts\/10625","targetHints":{"allow":["GET"]}}],"collection":[{"href":"https:\/\/elinformanteperu.com\/index.php\/wp-json\/wp\/v2\/posts"}],"about":[{"href":"https:\/\/elinformanteperu.com\/index.php\/wp-json\/wp\/v2\/types\/post"}],"author":[{"embeddable":true,"href":"https:\/\/elinformanteperu.com\/index.php\/wp-json\/wp\/v2\/users\/1"}],"replies":[{"embeddable":true,"href":"https:\/\/elinformanteperu.com\/index.php\/wp-json\/wp\/v2\/comments?post=10625"}],"version-history":[{"count":1,"href":"https:\/\/elinformanteperu.com\/index.php\/wp-json\/wp\/v2\/posts\/10625\/revisions"}],"predecessor-version":[{"id":10627,"href":"https:\/\/elinformanteperu.com\/index.php\/wp-json\/wp\/v2\/posts\/10625\/revisions\/10627"}],"wp:featuredmedia":[{"embeddable":true,"href":"https:\/\/elinformanteperu.com\/index.php\/wp-json\/wp\/v2\/media\/10626"}],"wp:attachment":[{"href":"https:\/\/elinformanteperu.com\/index.php\/wp-json\/wp\/v2\/media?parent=10625"}],"wp:term":[{"taxonomy":"category","embeddable":true,"href":"https:\/\/elinformanteperu.com\/index.php\/wp-json\/wp\/v2\/categories?post=10625"},{"taxonomy":"post_tag","embeddable":true,"href":"https:\/\/elinformanteperu.com\/index.php\/wp-json\/wp\/v2\/tags?post=10625"}],"curies":[{"name":"wp","href":"https:\/\/api.w.org\/{rel}","templated":true}]}}