{"id":10622,"date":"2017-05-25T00:38:46","date_gmt":"2017-05-25T05:38:46","guid":{"rendered":"http:\/\/elinformanteperu.com\/?p=10622"},"modified":"2017-05-25T00:38:46","modified_gmt":"2017-05-25T05:38:46","slug":"con-salida-de-vizcarra-hemos-perdido-un-buen-ministro-afirma-aljovin","status":"publish","type":"post","link":"https:\/\/elinformanteperu.com\/index.php\/2017\/05\/25\/con-salida-de-vizcarra-hemos-perdido-un-buen-ministro-afirma-aljovin\/","title":{"rendered":"Con salida de Vizcarra hemos perdido un buen ministro, afirma Aljov\u00edn"},"content":{"rendered":"<p><strong><span style=\"color: #000000;\">Con la salida de Mart\u00edn Vizcarra del Ministerio de Transportes y Comunicaciones (MTC), hemos perdido un buen ministro, afirm\u00f3 la titular de Desarrollo e Inclusi\u00f3n Social, Cayetana Aljov\u00edn.<\/span><\/strong><\/p>\n<p><span style=\"color: #000000;\"><strong>Lima, 24 Mayo 2017, (ANDINA).-<\/strong> Con la salida de Mart\u00edn Vizcarra del Ministerio de Transportes y Comunicaciones (MTC), hemos perdido un buen ministro que estaba haciendo las cosas bien, afirm\u00f3 la titular de Desarrollo e Inclusi\u00f3n Social, Cayetana Aljov\u00edn.<\/span><\/p>\n<p><span style=\"color: #000000;\">Indic\u00f3 que el reemplazo de Vizcarra en dicho portafolio ser\u00e1 una decisi\u00f3n que tomar\u00e1 el presidente de la Rep\u00fablica, Pedro Pablo Kuczynski, y el titular del Consejo de Ministros, Fernando Zavala.<\/span><\/p>\n<p><span style=\"color: #000000;\">\u201cHemos perdido un buen ministro. Lamentamos haber perdido un ministro como Mart\u00edn Vizcarra, que estaba haciendo las cosas bien, recordemos c\u00f3mo lo hemos visto trabajar en la emergencia, sin cesar\u201d, indic\u00f3 a RPP.<\/span><\/p>\n<p><span style=\"color: #000000;\">Como se recuerda, el exministro Vizcarra renunci\u00f3 al MTC luego de que el Poder Ejecutivo tomara la decisi\u00f3n de dejar sin efecto el contrato y adenda de concesi\u00f3n del aeropuerto internacional de Chinchero, en el Cusco.<\/span><\/p>\n<p><span style=\"color: #000000;\">Aljov\u00edn explic\u00f3 que el informe de la Contralor\u00eda General de la Rep\u00fablica tiene algunas deficiencias, porque este organismo fue quien propuso establecer una nueva tasa de inter\u00e9s y luego, cuando se hace la negociaci\u00f3n, da marcha atr\u00e1s.<\/span><\/p>\n<p><span style=\"color: #000000;\">\u201cSi la Contralor\u00eda dice que no va, esa adenda no va, lo que se tiene que hacer dentro del margen del contrato es buscar una soluci\u00f3n, tienes varias opciones: resolverlo de mutuo acuerdo, modificarlo, pero ser\u00e1 un tema que le compete al siguiente ministro de Transportes y Comunicaciones\u201d, refiri\u00f3.<\/span><\/p>\n<p><span style=\"color: #000000;\">En ese sentido, precis\u00f3 que, tras lo ocurrido, la percepci\u00f3n del Poder Ejecutivo es que este tipo de temas \u201cno nos dejan avanzar\u201d, siendo el tema de Chinchero \u201cun caso emblem\u00e1tico\u201d.<\/span><\/p>\n<p><span style=\"color: #000000;\">\u201cLo decimos porque el ministro, su equipo t\u00e9cnico, no solo el MTC sino del Ministerio de Econom\u00eda y Finanzas, buscan una salida legal y t\u00e9cnica, la plantean de la mejor fe posible y luego es observada y terminan denunciados\u201d, se\u00f1al\u00f3.<\/span><\/p>\n<p><span style=\"color: #000000;\">La ministra agreg\u00f3 que a nadie le gusta ser investigado, m\u00e1s cuando \u201chaces las cosas bien\u201d.<\/span><\/p>\n","protected":false},"excerpt":{"rendered":"<p>Con la salida de Mart\u00edn Vizcarra del Ministerio de Transportes y Comunicaciones (MTC), hemos perdido un buen ministro, afirm\u00f3 la titular de Desarrollo e Inclusi\u00f3n Social, Cayetana Aljov\u00edn. Lima, 24 Mayo 2017, (ANDINA).- Con la salida de Mart\u00edn Vizcarra del Ministerio de Transportes y Comunicaciones (MTC), hemos perdido un buen ministro que estaba haciendo las [&hellip;]<\/p>\n","protected":false},"author":1,"featured_media":10623,"comment_status":"open","ping_status":"open","sticky":false,"template":"","format":"standard","meta":{"rop_custom_images_group":[],"rop_custom_messages_group":[],"rop_publish_now":"initial","rop_publish_now_accounts":[],"rop_publish_now_history":[],"rop_publish_now_status":"pending","footnotes":""},"categories":[5],"tags":[154,289,153],"class_list":["post-10622","post","type-post","status-publish","format-standard","has-post-thumbnail","hentry","category-actualidad-informativa","tag-cayetana-aljovin","tag-martin-vizcarra","tag-midis"],"_links":{"self":[{"href":"https:\/\/elinformanteperu.com\/index.php\/wp-json\/wp\/v2\/posts\/10622","targetHints":{"allow":["GET"]}}],"collection":[{"href":"https:\/\/elinformanteperu.com\/index.php\/wp-json\/wp\/v2\/posts"}],"about":[{"href":"https:\/\/elinformanteperu.com\/index.php\/wp-json\/wp\/v2\/types\/post"}],"author":[{"embeddable":true,"href":"https:\/\/elinformanteperu.com\/index.php\/wp-json\/wp\/v2\/users\/1"}],"replies":[{"embeddable":true,"href":"https:\/\/elinformanteperu.com\/index.php\/wp-json\/wp\/v2\/comments?post=10622"}],"version-history":[{"count":1,"href":"https:\/\/elinformanteperu.com\/index.php\/wp-json\/wp\/v2\/posts\/10622\/revisions"}],"predecessor-version":[{"id":10624,"href":"https:\/\/elinformanteperu.com\/index.php\/wp-json\/wp\/v2\/posts\/10622\/revisions\/10624"}],"wp:featuredmedia":[{"embeddable":true,"href":"https:\/\/elinformanteperu.com\/index.php\/wp-json\/wp\/v2\/media\/10623"}],"wp:attachment":[{"href":"https:\/\/elinformanteperu.com\/index.php\/wp-json\/wp\/v2\/media?parent=10622"}],"wp:term":[{"taxonomy":"category","embeddable":true,"href":"https:\/\/elinformanteperu.com\/index.php\/wp-json\/wp\/v2\/categories?post=10622"},{"taxonomy":"post_tag","embeddable":true,"href":"https:\/\/elinformanteperu.com\/index.php\/wp-json\/wp\/v2\/tags?post=10622"}],"curies":[{"name":"wp","href":"https:\/\/api.w.org\/{rel}","templated":true}]}}