{"id":106180,"date":"2021-09-30T23:45:38","date_gmt":"2021-10-01T04:45:38","guid":{"rendered":"https:\/\/elinformanteperu.com\/?p=106180"},"modified":"2021-09-30T23:46:09","modified_gmt":"2021-10-01T04:46:09","slug":"jefe-de-estado-cuestion-de-confianza-y-censura-forman-parte-del-equilibrio-de-poderes","status":"publish","type":"post","link":"https:\/\/elinformanteperu.com\/index.php\/2021\/09\/30\/jefe-de-estado-cuestion-de-confianza-y-censura-forman-parte-del-equilibrio-de-poderes\/","title":{"rendered":"Jefe de Estado: cuesti\u00f3n de confianza y censura forman parte del equilibrio de poderes"},"content":{"rendered":"<p><span style=\"color: #000000;\"><strong>Lima, 30 Setiembre 2021, (ANDINA).-<\/strong> El presidente de la Rep\u00fablica, Pedro Castillo, afirm\u00f3 que la cuesti\u00f3n de confianza y la censura forman parte del equilibrio de poderes y son herramientas pol\u00edticas para mantener la estabilidad democr\u00e1tica en el pa\u00eds.<\/span><\/p>\n<p><span style=\"color: #000000;\">A trav\u00e9s de su cuenta de Twitter, el mandatario salud\u00f3 la visita de la presidenta del Congreso, Mar\u00eda del Carmen Alva, y diversos voceros parlamentarios, a quienes recibi\u00f3 anoche en la sede de Palacio de Gobierno para dialogar.<\/span><\/p>\n<p><span style=\"color: #000000;\">\u201cSaludo la visita de la presidenta y voceros del Congreso, que recibimos anoche en Palacio de Gobierno. Coincidimos en que la cuesti\u00f3n de confianza y la censura forman parte del equilibrio de poderes, y son herramientas pol\u00edticas para mantener la estabilidad democr\u00e1tica\u201d, escribi\u00f3 el mandatario.<\/span><\/p>\n<p><span style=\"color: #000000;\">Precisamente, anoche los representantes del Parlamento ingresaron a la sede del Ejecutivo donde sostuvieron un di\u00e1logo con el Presidente de la Rep\u00fablica.<\/span><\/p>\n<p><span style=\"color: #000000;\">A la salida de esta esta reuni\u00f3n, la presidenta del Congreso manifest\u00f3 que tras dialogar con el Jefe de Estado sobre la eventual presentaci\u00f3n de una cuesti\u00f3n de confianza, los parlamentarios que llegaron a Palacio de Gobierno se van tranquilos, pues pudieron aclarar este tema.<\/span><\/p>\n<blockquote class=\"twitter-tweet\">\n<p dir=\"ltr\" lang=\"es\">Saludo la visita de la presidenta y voceros del Congreso, que recibimos anoche en Palacio de Gobierno. Coincidimos en que la cuesti\u00f3n de confianza y la censura forman parte del equilibrio de poderes, y son herramientas pol\u00edticas para mantener la estabilidad democr\u00e1tica.<\/p>\n<p>\u2014 Pedro Castillo Terrones (@PedroCastilloTe) <a href=\"https:\/\/twitter.com\/PedroCastilloTe\/status\/1443666009097973760?ref_src=twsrc%5Etfw\">September 30, 2021<\/a><\/p><\/blockquote>\n<p><script async src=\"https:\/\/platform.twitter.com\/widgets.js\" charset=\"utf-8\"><\/script><\/p>\n","protected":false},"excerpt":{"rendered":"<p>Lima, 30 Setiembre 2021, (ANDINA).- El presidente de la Rep\u00fablica, Pedro Castillo, afirm\u00f3 que la cuesti\u00f3n de confianza y la censura forman parte del equilibrio de poderes y son herramientas pol\u00edticas para mantener la estabilidad democr\u00e1tica en el pa\u00eds. A trav\u00e9s de su cuenta de Twitter, el mandatario salud\u00f3 la visita de la presidenta del [&hellip;]<\/p>\n","protected":false},"author":1,"featured_media":104839,"comment_status":"closed","ping_status":"closed","sticky":false,"template":"","format":"standard","meta":{"rop_custom_images_group":[],"rop_custom_messages_group":[],"rop_publish_now":"initial","rop_publish_now_accounts":[],"rop_publish_now_history":[],"rop_publish_now_status":"pending","footnotes":""},"categories":[5],"tags":[2092],"class_list":["post-106180","post","type-post","status-publish","format-standard","has-post-thumbnail","hentry","category-actualidad-informativa","tag-pedro-castillo"],"_links":{"self":[{"href":"https:\/\/elinformanteperu.com\/index.php\/wp-json\/wp\/v2\/posts\/106180","targetHints":{"allow":["GET"]}}],"collection":[{"href":"https:\/\/elinformanteperu.com\/index.php\/wp-json\/wp\/v2\/posts"}],"about":[{"href":"https:\/\/elinformanteperu.com\/index.php\/wp-json\/wp\/v2\/types\/post"}],"author":[{"embeddable":true,"href":"https:\/\/elinformanteperu.com\/index.php\/wp-json\/wp\/v2\/users\/1"}],"replies":[{"embeddable":true,"href":"https:\/\/elinformanteperu.com\/index.php\/wp-json\/wp\/v2\/comments?post=106180"}],"version-history":[{"count":2,"href":"https:\/\/elinformanteperu.com\/index.php\/wp-json\/wp\/v2\/posts\/106180\/revisions"}],"predecessor-version":[{"id":106182,"href":"https:\/\/elinformanteperu.com\/index.php\/wp-json\/wp\/v2\/posts\/106180\/revisions\/106182"}],"wp:featuredmedia":[{"embeddable":true,"href":"https:\/\/elinformanteperu.com\/index.php\/wp-json\/wp\/v2\/media\/104839"}],"wp:attachment":[{"href":"https:\/\/elinformanteperu.com\/index.php\/wp-json\/wp\/v2\/media?parent=106180"}],"wp:term":[{"taxonomy":"category","embeddable":true,"href":"https:\/\/elinformanteperu.com\/index.php\/wp-json\/wp\/v2\/categories?post=106180"},{"taxonomy":"post_tag","embeddable":true,"href":"https:\/\/elinformanteperu.com\/index.php\/wp-json\/wp\/v2\/tags?post=106180"}],"curies":[{"name":"wp","href":"https:\/\/api.w.org\/{rel}","templated":true}]}}