{"id":10618,"date":"2017-05-25T00:19:33","date_gmt":"2017-05-25T05:19:33","guid":{"rendered":"http:\/\/elinformanteperu.com\/?p=10618"},"modified":"2017-05-25T00:19:33","modified_gmt":"2017-05-25T05:19:33","slug":"mef-impulsara-seguros-para-proteger-infraestructura-contra-desastres-naturales","status":"publish","type":"post","link":"https:\/\/elinformanteperu.com\/index.php\/2017\/05\/25\/mef-impulsara-seguros-para-proteger-infraestructura-contra-desastres-naturales\/","title":{"rendered":"MEF impulsar\u00e1 seguros para proteger infraestructura contra desastres naturales"},"content":{"rendered":"<p><strong><span style=\"color: #000000;\">El Ministerio de Econom\u00eda y Finanzas (MEF) prev\u00e9 impulsar el mercado dom\u00e9stico de seguros catastr\u00f3ficos para proteger la infraestructura en el pa\u00eds.<\/span><\/strong><\/p>\n<p><span style=\"color: #000000;\"><strong>Lima, 24 Mayo 2017, (ANDINA).-<\/strong> El Ministerio de Econom\u00eda y Finanzas (MEF) prev\u00e9 impulsar el mercado dom\u00e9stico de seguros catastr\u00f3ficos para proteger la infraestructura en el pa\u00eds contra los desastres naturales, tras los da\u00f1os ocasionados por El Ni\u00f1o costero.<\/span><\/p>\n<p><span style=\"color: #000000;\">En ese contexto, la viceministra de Econom\u00eda, Claudia Cooper, inform\u00f3 que se encuentran realizando esfuerzos para mejorar la cobertura de infraestructura (vial, salud, educaci\u00f3n y vivienda) ante los desastres naturales, tras El Ni\u00f1o costero que da\u00f1\u00f3 m\u00e1s infraestructura que zonas agrarias.<\/span><\/p>\n<p><span style=\"color: #000000;\">\u201cEstamos analizando la manera de garantizar los da\u00f1os en infraestructura hacia futuro, jugando un papel importante la reconstrucci\u00f3n del pa\u00eds. Esta tiene que garantizar una mejor construcci\u00f3n de la infraestructura hacia adelante y tambi\u00e9n la propiedad individual\u201d, refiri\u00f3.<\/span><\/p>\n<p><span style=\"color: #000000;\">Estos seguros catastr\u00f3ficos deben ser generales en materia de protecci\u00f3n de infraestructura y vivienda, y tambi\u00e9n en protecci\u00f3n del agro, sostuvo la funcionaria del MEF.<\/span><\/p>\n<p><span style=\"color: #000000;\">A continuaci\u00f3n, coment\u00f3 que el seguro agrario catastr\u00f3fico (SAC) ha funcionado bien en las regiones del pa\u00eds porque es una cobertura eficiente, cuya indemnizaci\u00f3n se efect\u00faa ante la ocurrencia del evento (siniestro), raz\u00f3n por la cual el Estado est\u00e1 muy interesado en expandirlo.<\/span><\/p>\n<p><span style=\"color: #000000;\">\u201cEn este seguro tuvimos una demanda fuerte por indemnizar a los peque\u00f1os agricultores y decidimos que esa indemnizaci\u00f3n ten\u00eda que contar con alg\u00fan sentido de responsabilidad hacia futuro y tratamos de expandirlo. <\/span><\/p>\n<p><span style=\"color: #000000;\">Queda pendiente el mejoramiento de este seguro, para lo cual tenemos que trabajar con los privados porque es un seguro con gran potencial\u201d, dijo.<\/span><\/p>\n<p><span style=\"color: #000000;\">Plan de reactivaci\u00f3n del agro permitir\u00e1 asegurar cr\u00e9ditos por S\/ 270 millones<\/span><\/p>\n<p><span style=\"color: #000000;\">En la conferencia magistral: \u201cCambios Regulatorios Globales en los \u00daltimos A\u00f1os: Tendencias y Retos para la Industria Aseguradora\u201d, asever\u00f3 que existe demanda en el pa\u00eds por seguros catastr\u00f3ficos y de salud.<\/span><\/p>\n<p><strong><span style=\"color: #000000;\">Competencia y m\u00e1s productos<\/span><\/strong><\/p>\n<p><span style=\"color: #000000;\">En otro momento, dijo que est\u00e1n promoviendo la competencia y la diversificaci\u00f3n de productos en el mercado asegurador a fin de mejorar la baja penetraci\u00f3n de seguros en el pa\u00eds.<\/span><\/p>\n<p><span style=\"color: #000000;\">De esta manera, Cooper se\u00f1al\u00f3 que es interesante evaluar la perspectiva del rol del Estado como contratante de seguros porque es un actor fuerte en el mercado.<\/span><\/p>\n<p><span style=\"color: #000000;\">\u201cEstuvimos tratando mediante la ley de contrataciones generar en el Estado un componente relevante para estimular la competencia sostenida y sana dentro del mercado, buscando mejorar la calidad y el precio\u201d, agreg\u00f3.<\/span><\/p>\n<p><strong><span style=\"color: #000000;\">Mejora de canales de atenci\u00f3n<\/span><\/strong><\/p>\n<p><span style=\"color: #000000;\">De otro lado, consider\u00f3 que es importante mejorar los canales de atenci\u00f3n en materia de seguros, toda vez que uno de los problemas que presenta el sector en el Per\u00fa es la asimetr\u00eda de la informaci\u00f3n.<\/span><\/p>\n<p><span style=\"color: #000000;\">\u201cPara una poblaci\u00f3n peruana que reci\u00e9n comienza a entender los seguros, la asimetr\u00eda de la informaci\u00f3n genera desconfianza sobre todo frente a las compa\u00f1\u00edas de seguros\u201d, dijo.<\/span><\/p>\n<p><strong><span style=\"color: #000000;\">Mejorando fiscalizaci\u00f3n de Soat <\/span><\/strong><\/p>\n<p><span style=\"color: #000000;\">En otro momento, inform\u00f3 que est\u00e1n tratando de mejorar la capacidad de fiscalizaci\u00f3n del Seguro Obligatorio de Accidentes de Tr\u00e1nsito (Soat) y el Seguro Complementario de Trabajo de Riesgo (Sctr).<\/span><\/p>\n<p><span style=\"color: #000000;\">\u201cEstos seguros de alguna manera han funcionado, pero una parte de esta obligatoriedad no est\u00e1 siendo adecuadamente fiscalizada. En eso estamos trabajando con la Superintendencia de Banca, Seguros y AFP (SBS), a\u00f1adi\u00f3.<\/span><\/p>\n<p><span style=\"color: #000000;\">Finalmente, se\u00f1al\u00f3 que est\u00e1n evaluando la creaci\u00f3n de una divisi\u00f3n de seguro en el MEF, considerando que uno de sus roles es que sea un articulador entre todos los sectores y porque es relevante para la estabilidad y el crecimiento contar con una plaza aseguradora que posea una cobertura mayor a la que tiene.<\/span><\/p>\n","protected":false},"excerpt":{"rendered":"<p>El Ministerio de Econom\u00eda y Finanzas (MEF) prev\u00e9 impulsar el mercado dom\u00e9stico de seguros catastr\u00f3ficos para proteger la infraestructura en el pa\u00eds. Lima, 24 Mayo 2017, (ANDINA).- El Ministerio de Econom\u00eda y Finanzas (MEF) prev\u00e9 impulsar el mercado dom\u00e9stico de seguros catastr\u00f3ficos para proteger la infraestructura en el pa\u00eds contra los desastres naturales, tras los [&hellip;]<\/p>\n","protected":false},"author":1,"featured_media":8411,"comment_status":"open","ping_status":"open","sticky":false,"template":"","format":"standard","meta":{"rop_custom_images_group":[],"rop_custom_messages_group":[],"rop_publish_now":"initial","rop_publish_now_accounts":[],"rop_publish_now_history":[],"rop_publish_now_status":"pending","footnotes":""},"categories":[5],"tags":[],"class_list":["post-10618","post","type-post","status-publish","format-standard","has-post-thumbnail","hentry","category-actualidad-informativa"],"_links":{"self":[{"href":"https:\/\/elinformanteperu.com\/index.php\/wp-json\/wp\/v2\/posts\/10618","targetHints":{"allow":["GET"]}}],"collection":[{"href":"https:\/\/elinformanteperu.com\/index.php\/wp-json\/wp\/v2\/posts"}],"about":[{"href":"https:\/\/elinformanteperu.com\/index.php\/wp-json\/wp\/v2\/types\/post"}],"author":[{"embeddable":true,"href":"https:\/\/elinformanteperu.com\/index.php\/wp-json\/wp\/v2\/users\/1"}],"replies":[{"embeddable":true,"href":"https:\/\/elinformanteperu.com\/index.php\/wp-json\/wp\/v2\/comments?post=10618"}],"version-history":[{"count":1,"href":"https:\/\/elinformanteperu.com\/index.php\/wp-json\/wp\/v2\/posts\/10618\/revisions"}],"predecessor-version":[{"id":10619,"href":"https:\/\/elinformanteperu.com\/index.php\/wp-json\/wp\/v2\/posts\/10618\/revisions\/10619"}],"wp:featuredmedia":[{"embeddable":true,"href":"https:\/\/elinformanteperu.com\/index.php\/wp-json\/wp\/v2\/media\/8411"}],"wp:attachment":[{"href":"https:\/\/elinformanteperu.com\/index.php\/wp-json\/wp\/v2\/media?parent=10618"}],"wp:term":[{"taxonomy":"category","embeddable":true,"href":"https:\/\/elinformanteperu.com\/index.php\/wp-json\/wp\/v2\/categories?post=10618"},{"taxonomy":"post_tag","embeddable":true,"href":"https:\/\/elinformanteperu.com\/index.php\/wp-json\/wp\/v2\/tags?post=10618"}],"curies":[{"name":"wp","href":"https:\/\/api.w.org\/{rel}","templated":true}]}}