{"id":106178,"date":"2021-09-30T23:42:33","date_gmt":"2021-10-01T04:42:33","guid":{"rendered":"https:\/\/elinformanteperu.com\/?p=106178"},"modified":"2021-09-30T23:42:33","modified_gmt":"2021-10-01T04:42:33","slug":"peru-y-ecuador-aplican-protocolo-de-colaboracion-contra-delito-de-trata-de-personas","status":"publish","type":"post","link":"https:\/\/elinformanteperu.com\/index.php\/2021\/09\/30\/peru-y-ecuador-aplican-protocolo-de-colaboracion-contra-delito-de-trata-de-personas\/","title":{"rendered":"Per\u00fa y Ecuador aplican protocolo de colaboraci\u00f3n contra delito de trata de personas"},"content":{"rendered":"<p><span style=\"color: #000000;\"><strong>Lima, 30 Setiembre 2021, (ANDINA).-<\/strong> El Protocolo de Colaboraci\u00f3n entre el Sistema Judicial de Ecuador y Per\u00fa para la investigaci\u00f3n y judicializaci\u00f3n del delito de trata de personas, acaba con la impunidad en este flagelo, sostuvo hoy la jueza suprema Janet Tello Gilardi, presidenta de la Comisi\u00f3n de Acceso a la Justicia del Poder Judicial del Per\u00fa.<\/span><\/p>\n<p><span style=\"color: #000000;\">La magistrada particip\u00f3 en el Primer Encuentro de Puntos Focales realizado en Quito, Ecuador, para aplicar el referido protocolo de colaboraci\u00f3n, suscrito entre ambos pa\u00edses.<\/span><\/p>\n<p><span style=\"color: #000000;\">El Consejo Ejecutivo del Poder Judicial del Per\u00fa aprob\u00f3, el pasado 30 de julio, el referido protocolo, cuyo objetivo es establecer una adecuada cooperaci\u00f3n judicial entre los operadores y actores que intervinientes en el proceso de investigaci\u00f3n y judicializaci\u00f3n de los delitos de trata en Ecuador y Per\u00fa.<\/span><\/p>\n<p><span style=\"color: #000000;\">Tello Gilardi resalt\u00f3 el trabajo realizado por las autoridades judiciales de ambos pa\u00edses para arribar a este protocolo, a ra\u00edz de los encuentros binacionales realizados con Ecuador entre la Corte Provincial de El Oro y la Corte Superior de Tumbes.<\/span><\/p>\n<p><span style=\"color: #000000;\">Gracias a este trabajo articulado, refiri\u00f3, fue posible adoptar importantes compromisos plasmados en las Declaraciones de Tumbes en 2017, Arenillas en 2018 y Tumbes en 2019, que sentaron las bases para aprobar el protocolo de colaboraci\u00f3n.<\/span><\/p>\n<p><span style=\"color: #000000;\">\u201cEl protocolo permite que las v\u00edctimas de este flagelo del siglo XXI tengan acceso a la justicia en condiciones de igualdad, con los enfoques de derechos humanos, g\u00e9nero, de las personas migrantes, en que es claro la intersecci\u00f3n de las condiciones de vulnerabilidad para una respuesta a sus necesidades\u201d, se\u00f1al\u00f3.<\/span><\/p>\n<p><span style=\"color: #000000;\">Tello Gilardi sostuvo, adem\u00e1s, que hay una necesidad de intervenci\u00f3n inmediata, a trav\u00e9s de operativos conjuntos entre ambos pa\u00edses para atender a las v\u00edctimas y detectar a los presuntos victimarios, as\u00ed como su detenci\u00f3n.<\/span><\/p>\n<p><span style=\"color: #000000;\">En el Primer Encuentro de Puntos Focales participaron la presidenta del Consejo de la Judicatura del Ecuador, Mar\u00eda del Carmen Maldonado, y la titular del Poder Judicial del Per\u00fa, Elvia Barrios Alvarado, as\u00ed como representantes de la Oficina de la Naciones Unidas contra la Droga y el Delito de Per\u00fa y Ecuador.<\/span><\/p>\n<p><span style=\"color: #000000;\">Estos puntos focales est\u00e1n claramente identificados con los actores que intervienen en el proceso de investigaci\u00f3n y judicializaci\u00f3n de la trata de personas entre ambos pa\u00edses.<\/span><\/p>\n<p><span style=\"color: #000000;\">Por Ecuador figuran el Consejo de la Judicatura con la direcci\u00f3n provincial de El Oro, la corte provincial, fiscal\u00eda, defensor\u00eda p\u00fablica, Ministerio de Gobierno y la Polic\u00eda Nacional de ese pa\u00eds a trav\u00e9s de la Unidad Contra el Delito de Trata de Personas y Tr\u00e1fico Il\u00edcito de Migrantes.<\/span><\/p>\n<p><span style=\"color: #000000;\">En el caso del Per\u00fa, est\u00e1n el Poder Judicial a trav\u00e9s de la Corte de Tumbes, el Ministerio P\u00fablico, la Defensa P\u00fablica del Minjusdh, el Ministerio de la Mujer, el consulado del Per\u00fa en Ecuador (Machala) y la Polic\u00eda Nacional a trav\u00e9s del \u00c1rea de Trata de Personas.<\/span><\/p>\n<p><span style=\"color: #000000;\">Tambi\u00e9n est\u00e1n incluidos representantes de la Agencia de la ONU para los Refugiados (ACNUR) y la Organizaci\u00f3n Internacional de Migraciones (OIM) con sedes en Per\u00fa y Ecuador.<\/span><\/p>\n","protected":false},"excerpt":{"rendered":"<p>Lima, 30 Setiembre 2021, (ANDINA).- El Protocolo de Colaboraci\u00f3n entre el Sistema Judicial de Ecuador y Per\u00fa para la investigaci\u00f3n y judicializaci\u00f3n del delito de trata de personas, acaba con la impunidad en este flagelo, sostuvo hoy la jueza suprema Janet Tello Gilardi, presidenta de la Comisi\u00f3n de Acceso a la Justicia del Poder Judicial [&hellip;]<\/p>\n","protected":false},"author":1,"featured_media":105655,"comment_status":"closed","ping_status":"closed","sticky":false,"template":"","format":"standard","meta":{"rop_custom_images_group":[],"rop_custom_messages_group":[],"rop_publish_now":"initial","rop_publish_now_accounts":[],"rop_publish_now_history":[],"rop_publish_now_status":"pending","footnotes":""},"categories":[5],"tags":[163],"class_list":["post-106178","post","type-post","status-publish","format-standard","has-post-thumbnail","hentry","category-actualidad-informativa","tag-poder-judicial"],"_links":{"self":[{"href":"https:\/\/elinformanteperu.com\/index.php\/wp-json\/wp\/v2\/posts\/106178","targetHints":{"allow":["GET"]}}],"collection":[{"href":"https:\/\/elinformanteperu.com\/index.php\/wp-json\/wp\/v2\/posts"}],"about":[{"href":"https:\/\/elinformanteperu.com\/index.php\/wp-json\/wp\/v2\/types\/post"}],"author":[{"embeddable":true,"href":"https:\/\/elinformanteperu.com\/index.php\/wp-json\/wp\/v2\/users\/1"}],"replies":[{"embeddable":true,"href":"https:\/\/elinformanteperu.com\/index.php\/wp-json\/wp\/v2\/comments?post=106178"}],"version-history":[{"count":1,"href":"https:\/\/elinformanteperu.com\/index.php\/wp-json\/wp\/v2\/posts\/106178\/revisions"}],"predecessor-version":[{"id":106179,"href":"https:\/\/elinformanteperu.com\/index.php\/wp-json\/wp\/v2\/posts\/106178\/revisions\/106179"}],"wp:featuredmedia":[{"embeddable":true,"href":"https:\/\/elinformanteperu.com\/index.php\/wp-json\/wp\/v2\/media\/105655"}],"wp:attachment":[{"href":"https:\/\/elinformanteperu.com\/index.php\/wp-json\/wp\/v2\/media?parent=106178"}],"wp:term":[{"taxonomy":"category","embeddable":true,"href":"https:\/\/elinformanteperu.com\/index.php\/wp-json\/wp\/v2\/categories?post=106178"},{"taxonomy":"post_tag","embeddable":true,"href":"https:\/\/elinformanteperu.com\/index.php\/wp-json\/wp\/v2\/tags?post=106178"}],"curies":[{"name":"wp","href":"https:\/\/api.w.org\/{rel}","templated":true}]}}