{"id":106142,"date":"2021-09-30T22:28:46","date_gmt":"2021-10-01T03:28:46","guid":{"rendered":"https:\/\/elinformanteperu.com\/?p=106142"},"modified":"2021-09-30T22:28:46","modified_gmt":"2021-10-01T03:28:46","slug":"trabajadores-del-inabif-piden-reunion-con-ministra-anahi-durand-tras-muerte-de-companera-en-arequipa","status":"publish","type":"post","link":"https:\/\/elinformanteperu.com\/index.php\/2021\/09\/30\/trabajadores-del-inabif-piden-reunion-con-ministra-anahi-durand-tras-muerte-de-companera-en-arequipa\/","title":{"rendered":"Trabajadores del Inabif piden reuni\u00f3n con ministra Anah\u00ed Durand tras muerte de compa\u00f1era en Arequipa"},"content":{"rendered":"<p><strong><span style=\"color: #000000;\">Joven trabajadora de centro fue asesinada por tres residentes en Arequipa.<\/span><\/strong><\/p>\n<p><span style=\"color: #000000;\"><strong>Lima, 30 Setiembre 2021, (El Informante Per\u00fa).-<\/strong> Un grupo de trabajadores del Inabif realiz\u00f3 una vigilia en los exteriores de dicha instituci\u00f3n para rendir homenaje a Shirley Cusilayme Sucapuca (30), asesinada por tres menores de edad cuando trabajaba como cuidadora en el Centro de Acogida Residencial (CAR) Isabel II, ubicado en Arequipa.<\/span><\/p>\n<p><span style=\"color: #000000;\">Los trabajadores expresaron su dolor por la p\u00e9rdida de la joven trabajadora y pidieron a la ministra de la Mujer, Anah\u00ed Durand, una reuni\u00f3n para darle a conocer las diferentes situaciones que enfrentan en los hogares.<\/span><\/p>\n<p><span style=\"color: #000000;\">\u201cMuchas veces los tutores, cuidadores y los mismos residentes ven en peligro su integridad por el internamiento de j\u00f3venes que tienen conflictos penales y son de alto riesgo\u201d, sostuvo Clody Guill\u00e9n, secretario general del sindicato de trabajadores del Inabif.<\/span><\/p>\n<p><a href=\"https:\/\/elinformanteperu.com\/wp-content\/uploads\/2021\/09\/inabif-trabajadores1.jpg\"><img fetchpriority=\"high\" decoding=\"async\" class=\"alignnone size-full wp-image-106144\" src=\"https:\/\/elinformanteperu.com\/wp-content\/uploads\/2021\/09\/inabif-trabajadores1.jpg\" alt=\"\" width=\"913\" height=\"449\" srcset=\"https:\/\/elinformanteperu.com\/wp-content\/uploads\/2021\/09\/inabif-trabajadores1.jpg 913w, https:\/\/elinformanteperu.com\/wp-content\/uploads\/2021\/09\/inabif-trabajadores1-300x148.jpg 300w, https:\/\/elinformanteperu.com\/wp-content\/uploads\/2021\/09\/inabif-trabajadores1-768x378.jpg 768w\" sizes=\"(max-width: 913px) 100vw, 913px\" \/><\/a><\/p>\n<p><span style=\"color: #000000;\">Los manifestantes llegaron hasta el local ubicado en Pueblo Libre para solicitar a las autoridades del Ministerio de la Mujer la urgente necesidad de mejorar las condiciones laborales de los profesionales y t\u00e9cnicos que velan por los ni\u00f1os, j\u00f3venes y ancianos vulnerables de nuestro pa\u00eds.<\/span><\/p>\n<p><span style=\"color: #000000;\">\u201cEsperamos que esta muerte, que nos duele a todos, sirva para que las autoridades comprendan que no podemos seguir con trabajos precarios, que no puede haber terceros en los servicios de cuidado, que se necesitan contratos con derechos laborales y mejorar la remuneraci\u00f3n de los trabajadores para lograr un trabajo digno\u201d, se\u00f1al\u00f3 Guill\u00e9n.<\/span><\/p>\n<p><span style=\"color: #000000;\">Asimismo, exigieron mayor presupuesto para los Centros de Asistencia Residencia (CAR) donde viven miles de ni\u00f1os, adolescentes y adultos mayores en estado de abandono a fin de mejorar su infraestructura y mejorar las condiciones laborales de estos trabajadores que son los peor pagados del estado.<\/span><\/p>\n","protected":false},"excerpt":{"rendered":"<p>Joven trabajadora de centro fue asesinada por tres residentes en Arequipa. Lima, 30 Setiembre 2021, (El Informante Per\u00fa).- Un grupo de trabajadores del Inabif realiz\u00f3 una vigilia en los exteriores de dicha instituci\u00f3n para rendir homenaje a Shirley Cusilayme Sucapuca (30), asesinada por tres menores de edad cuando trabajaba como cuidadora en el Centro de [&hellip;]<\/p>\n","protected":false},"author":1,"featured_media":106143,"comment_status":"closed","ping_status":"closed","sticky":false,"template":"","format":"standard","meta":{"rop_custom_images_group":[],"rop_custom_messages_group":[],"rop_publish_now":"initial","rop_publish_now_accounts":[],"rop_publish_now_history":[],"rop_publish_now_status":"pending","footnotes":""},"categories":[10],"tags":[4717,320],"class_list":["post-106142","post","type-post","status-publish","format-standard","has-post-thumbnail","hentry","category-actualidad-municipal","tag-inabif","tag-ministerio-de-trabajo"],"_links":{"self":[{"href":"https:\/\/elinformanteperu.com\/index.php\/wp-json\/wp\/v2\/posts\/106142","targetHints":{"allow":["GET"]}}],"collection":[{"href":"https:\/\/elinformanteperu.com\/index.php\/wp-json\/wp\/v2\/posts"}],"about":[{"href":"https:\/\/elinformanteperu.com\/index.php\/wp-json\/wp\/v2\/types\/post"}],"author":[{"embeddable":true,"href":"https:\/\/elinformanteperu.com\/index.php\/wp-json\/wp\/v2\/users\/1"}],"replies":[{"embeddable":true,"href":"https:\/\/elinformanteperu.com\/index.php\/wp-json\/wp\/v2\/comments?post=106142"}],"version-history":[{"count":1,"href":"https:\/\/elinformanteperu.com\/index.php\/wp-json\/wp\/v2\/posts\/106142\/revisions"}],"predecessor-version":[{"id":106145,"href":"https:\/\/elinformanteperu.com\/index.php\/wp-json\/wp\/v2\/posts\/106142\/revisions\/106145"}],"wp:featuredmedia":[{"embeddable":true,"href":"https:\/\/elinformanteperu.com\/index.php\/wp-json\/wp\/v2\/media\/106143"}],"wp:attachment":[{"href":"https:\/\/elinformanteperu.com\/index.php\/wp-json\/wp\/v2\/media?parent=106142"}],"wp:term":[{"taxonomy":"category","embeddable":true,"href":"https:\/\/elinformanteperu.com\/index.php\/wp-json\/wp\/v2\/categories?post=106142"},{"taxonomy":"post_tag","embeddable":true,"href":"https:\/\/elinformanteperu.com\/index.php\/wp-json\/wp\/v2\/tags?post=106142"}],"curies":[{"name":"wp","href":"https:\/\/api.w.org\/{rel}","templated":true}]}}