{"id":106139,"date":"2021-09-30T22:23:37","date_gmt":"2021-10-01T03:23:37","guid":{"rendered":"https:\/\/elinformanteperu.com\/?p=106139"},"modified":"2021-09-30T22:23:37","modified_gmt":"2021-10-01T03:23:37","slug":"cevallos-en-el-peru-tenemos-una-gravisima-acumulacion-de-pacientes-no-covid-19","status":"publish","type":"post","link":"https:\/\/elinformanteperu.com\/index.php\/2021\/09\/30\/cevallos-en-el-peru-tenemos-una-gravisima-acumulacion-de-pacientes-no-covid-19\/","title":{"rendered":"Cevallos: en el Per\u00fa tenemos una grav\u00edsima acumulaci\u00f3n de pacientes no covid-19"},"content":{"rendered":"<p><strong><span style=\"color: #000000;\">Ministro de Salud expuso ante la OEA la estrategia para enfrentar una eventual tercera ola de la pandemia en Per\u00fa<\/span><\/strong><\/p>\n<p><span style=\"color: #000000;\"><strong>Lima, 30 Setiembre 2021, (ANDINA).-<\/strong> La pandemia del coronavirus en el Per\u00fa ha generado una grav\u00edsima acumulaci\u00f3n de pacientes no covid-19, y la gente se est\u00e1 enfermando y muriendo por el precario sistema de salud en el pa\u00eds, manifest\u00f3 el ministro de Salud, Hernando Cevallos.<\/span><\/p>\n<p><span style=\"color: #000000;\">Fue durante su presentaci\u00f3n virtual ante el Consejo Permanente de la OEA sobre la evoluci\u00f3n del covid-19 y su impacto en el hemisferio.<\/span><\/p>\n<p><span style=\"color: #000000;\">\u201cEn el Per\u00fa el tema de la pandemia se ha convertido en una sindemia, porque al problema que ya nos est\u00e1 generando la presencia del covid-19, tenemos la grav\u00edsima acumulaci\u00f3n de pacientes no covid\u201d, subray\u00f3.<\/span><\/p>\n<p><span style=\"color: #000000;\">Sostuvo que en el pa\u00eds se ha muerto la gente por la miseria, por la precariedad del sistema de salud, por la falta de previsi\u00f3n.<\/span><\/p>\n<p><span style=\"color: #000000;\">\u201cDonde primero se ha privilegiado la econom\u00eda antes que la vida del individuo, antes que la posibilidad de tener una sociedad verdaderamente sana\u201d, anot\u00f3.<\/span><\/p>\n<p><span style=\"color: #000000;\">En tal sentido, se\u00f1al\u00f3 que la pandemia del covid-19 ha descubierto las limitaciones y la reflexi\u00f3n de producir cambios estructurales para poner la salud como un derecho fundamental de manera real y no solo en el papel.<\/span><\/p>\n<p><span style=\"color: #000000;\">\u201cHemos visto en esta pandemia enormes colas de gente buscando un medicamento, una cama, ox\u00edgeno, y la verdad esto ha sido algo sumamente dif\u00edcil. Han muerto m\u00e1s de 500 m\u00e9dicos, m\u00e1s de 1,000 trabajadores del sector salud, fallecimientos que pudieron evitarse\u201d, asever\u00f3.<\/span><\/p>\n<p><strong><span style=\"color: #000000;\">Tercera ola<\/span><\/strong><\/p>\n<p><span style=\"color: #000000;\">En otro momento, Cevallos dijo que el Gobierno est\u00e1 desplegando un enorme esfuerzo para que la tercera ola del covid-19 no golpee al Per\u00fa como pas\u00f3 con los picos de esta pandemia que generaron un gran n\u00famero de fallecidos.<\/span><\/p>\n<p><span style=\"color: #000000;\">En esa l\u00ednea, Cevallos dijo que uno de los elementos centrales es el avance en la vacunaci\u00f3n que, en las \u00faltimas semanas, ha permitido pasar del 14 al 36% de la poblaci\u00f3n vacunada con las dos dosis de la vacuna contra el covid-19, y 51% con la primera dosis.<\/span><\/p>\n<p><span style=\"color: #000000;\">\u201cCasi 26 millones de peruanos inoculados con una o dos dosis (de la vacuna contra el covid-19). Este avance importante, que tiene que ver con el grupo etario de mayores de 50 a\u00f1os, donde estamos en un nivel de cobertura de m\u00e1s del 70%, pero igual nos muestra una vulnerabilidad que tenemos que resolver\u201d, recalc\u00f3.<\/span><\/p>\n<p><span style=\"color: #000000;\">En tal sentido, Cevallos dijo que se ha desplegado una estrategia descentralizada para vacunar a toda la poblaci\u00f3n, teniendo en cuenta la heterog\u00e9nea geograf\u00eda del Per\u00fa, con selva, monta\u00f1as y desiertos extensos.<\/span><\/p>\n<p><span style=\"color: #000000;\">\u201cEstamos con brigadas desplegadas en todo el pa\u00eds, uniendo el mensaje de la vacuna con la lucha por la vida, con la alegr\u00eda. D\u00e1ndole un car\u00e1cter festivo (a las jornadas de vacunaci\u00f3n\u201d\u201d, subray\u00f3.<\/span><\/p>\n<p><span style=\"color: #000000;\">A\u00f1adi\u00f3 que uno de los problemas en el proceso de vacunaci\u00f3n es la cantidad de vacunas que se necesitan.<\/span><\/p>\n<p><span style=\"color: #000000;\">\u201cEntendemos que no solamente tiene que ver con que muchos pa\u00edses han comprado y se han asegurado con los stocks de vacunas, sino que francamente pareciera que los laboratorios han visto en la escasez de vacunas, en distribuir de manera limitada las vacunas, un gran negocio\u201d, indic\u00f3.<\/span><\/p>\n<p><span style=\"color: #000000;\">Consider\u00f3 imperioso la necesidad de terminar con las licencias que le dan exclusividad para la producci\u00f3n de vacunas a un grupo de empresas.<\/span><\/p>\n","protected":false},"excerpt":{"rendered":"<p>Ministro de Salud expuso ante la OEA la estrategia para enfrentar una eventual tercera ola de la pandemia en Per\u00fa Lima, 30 Setiembre 2021, (ANDINA).- La pandemia del coronavirus en el Per\u00fa ha generado una grav\u00edsima acumulaci\u00f3n de pacientes no covid-19, y la gente se est\u00e1 enfermando y muriendo por el precario sistema de salud [&hellip;]<\/p>\n","protected":false},"author":1,"featured_media":106140,"comment_status":"closed","ping_status":"closed","sticky":false,"template":"","format":"standard","meta":{"rop_custom_images_group":[],"rop_custom_messages_group":[],"rop_publish_now":"initial","rop_publish_now_accounts":[],"rop_publish_now_history":[],"rop_publish_now_status":"pending","footnotes":""},"categories":[10],"tags":[1882,388,431],"class_list":["post-106139","post","type-post","status-publish","format-standard","has-post-thumbnail","hentry","category-actualidad-municipal","tag-hernando-cevallos","tag-ministerio-de-salud","tag-minsa"],"_links":{"self":[{"href":"https:\/\/elinformanteperu.com\/index.php\/wp-json\/wp\/v2\/posts\/106139","targetHints":{"allow":["GET"]}}],"collection":[{"href":"https:\/\/elinformanteperu.com\/index.php\/wp-json\/wp\/v2\/posts"}],"about":[{"href":"https:\/\/elinformanteperu.com\/index.php\/wp-json\/wp\/v2\/types\/post"}],"author":[{"embeddable":true,"href":"https:\/\/elinformanteperu.com\/index.php\/wp-json\/wp\/v2\/users\/1"}],"replies":[{"embeddable":true,"href":"https:\/\/elinformanteperu.com\/index.php\/wp-json\/wp\/v2\/comments?post=106139"}],"version-history":[{"count":1,"href":"https:\/\/elinformanteperu.com\/index.php\/wp-json\/wp\/v2\/posts\/106139\/revisions"}],"predecessor-version":[{"id":106141,"href":"https:\/\/elinformanteperu.com\/index.php\/wp-json\/wp\/v2\/posts\/106139\/revisions\/106141"}],"wp:featuredmedia":[{"embeddable":true,"href":"https:\/\/elinformanteperu.com\/index.php\/wp-json\/wp\/v2\/media\/106140"}],"wp:attachment":[{"href":"https:\/\/elinformanteperu.com\/index.php\/wp-json\/wp\/v2\/media?parent=106139"}],"wp:term":[{"taxonomy":"category","embeddable":true,"href":"https:\/\/elinformanteperu.com\/index.php\/wp-json\/wp\/v2\/categories?post=106139"},{"taxonomy":"post_tag","embeddable":true,"href":"https:\/\/elinformanteperu.com\/index.php\/wp-json\/wp\/v2\/tags?post=106139"}],"curies":[{"name":"wp","href":"https:\/\/api.w.org\/{rel}","templated":true}]}}