{"id":106124,"date":"2021-09-30T20:52:45","date_gmt":"2021-10-01T01:52:45","guid":{"rendered":"https:\/\/elinformanteperu.com\/?p=106124"},"modified":"2021-09-30T20:52:45","modified_gmt":"2021-10-01T01:52:45","slug":"asociacion-deportiva-de-futbol-profesional-y-universidad-norbert-wiener-suscriben-convenio","status":"publish","type":"post","link":"https:\/\/elinformanteperu.com\/index.php\/2021\/09\/30\/asociacion-deportiva-de-futbol-profesional-y-universidad-norbert-wiener-suscriben-convenio\/","title":{"rendered":"Asociaci\u00f3n Deportiva de F\u00fatbol profesional y Universidad Norbert Wiener suscriben convenio"},"content":{"rendered":"<p><span style=\"color: #000000;\"><strong>Lima, 30 Setiembre 2021, (El Informante Per\u00fa).-<\/strong> Con el objetivo de profesionalizar el deporte, la Asociaci\u00f3n Deportiva de F\u00fatbol Profesional y la Universidad Norbert <\/span><span style=\"color: #000000;\">Wiener suscribieron un convenio interinstitucional para que la gran familia del f\u00fatbol profesional realice estudios <\/span><span style=\"color: #000000;\">universitarios de pregrado, posgrado y para el centro de idiomas. La ceremonia se desarroll\u00f3 en las instalaciones <\/span><span style=\"color: #000000;\">de la ADFP y conto con la presencia de Dirigentes de los Clubes asociados.<\/span><\/p>\n<p><span style=\"color: #000000;\">El presidente de la Asociaci\u00f3n, Dr. Oscar Romero Aquino, indic\u00f3 \u201cpara la ADFP es un gran logro la suscripci\u00f3n del <\/span><span style=\"color: #000000;\">convenio, la educaci\u00f3n para todos es muy importante y con este gran paso que estamos dando hoy d\u00eda, los <\/span><span style=\"color: #000000;\">deportistas as\u00ed como el personal t\u00e9cnico y auxiliar, incluido los dirigentes y familiares directos podr\u00e1n estudiar y <\/span><span style=\"color: #000000;\">acceder a los cursos que brinda la universidad y que forman parte de este convenio el mismo que tendr\u00e1 una <\/span><span style=\"color: #000000;\">direcci\u00f3n de cinco a\u00f1os\u201d.<\/span><\/p>\n<p><span style=\"color: #000000;\">Por su parte el director de la escuela de posgrado de la Universidad, Guillermo Raffo Ibarra, se\u00f1al\u00f3 que esta alianza <\/span><span style=\"color: #000000;\">estrat\u00e9gica con la ADFP beneficiara a m\u00e1s de 10 mil personas que integran la familia del f\u00fatbol a nivel nacional. \u201cYa <\/span><span style=\"color: #000000;\">pueden acceder a los descuentos y beneficios toda la familia de la asociaci\u00f3n tanto en la parte formativa, en la salud <\/span><span style=\"color: #000000;\">e idiomas\u201d.<\/span><\/p>\n<p><span style=\"color: #000000;\">De esta manera la Asociaci\u00f3n contin\u00faa trabajando en bien de los Clubes y del f\u00fatbol peruano.<\/span><\/p>\n<p><span style=\"color: #000000;\">Al finalizar la ceremonia el Dr. Oscar Romero Aquino, Presidente de la Asociaci\u00f3n Deportiva de F\u00fatbol Profesional salud\u00f3 a los se\u00f1ores Periodistas con motivo de celebrarse ma\u00f1ana el \u201cD\u00eda del Periodista\u201d.<\/span><\/p>\n<p><a href=\"https:\/\/elinformanteperu.com\/wp-content\/uploads\/2020\/09\/oscar-romero-adfp.jpg\"><img fetchpriority=\"high\" decoding=\"async\" class=\"size-full wp-image-81932 aligncenter\" src=\"https:\/\/elinformanteperu.com\/wp-content\/uploads\/2020\/09\/oscar-romero-adfp.jpg\" alt=\"\" width=\"343\" height=\"339\" srcset=\"https:\/\/elinformanteperu.com\/wp-content\/uploads\/2020\/09\/oscar-romero-adfp.jpg 343w, https:\/\/elinformanteperu.com\/wp-content\/uploads\/2020\/09\/oscar-romero-adfp-300x297.jpg 300w, https:\/\/elinformanteperu.com\/wp-content\/uploads\/2020\/09\/oscar-romero-adfp-60x60.jpg 60w\" sizes=\"(max-width: 343px) 100vw, 343px\" \/><\/a><\/p>\n","protected":false},"excerpt":{"rendered":"<p>Lima, 30 Setiembre 2021, (El Informante Per\u00fa).- Con el objetivo de profesionalizar el deporte, la Asociaci\u00f3n Deportiva de F\u00fatbol Profesional y la Universidad Norbert Wiener suscribieron un convenio interinstitucional para que la gran familia del f\u00fatbol profesional realice estudios universitarios de pregrado, posgrado y para el centro de idiomas. La ceremonia se desarroll\u00f3 en las [&hellip;]<\/p>\n","protected":false},"author":1,"featured_media":106125,"comment_status":"closed","ping_status":"closed","sticky":false,"template":"","format":"standard","meta":{"rop_custom_images_group":[],"rop_custom_messages_group":[],"rop_publish_now":"initial","rop_publish_now_accounts":[],"rop_publish_now_history":[],"rop_publish_now_status":"pending","footnotes":""},"categories":[8],"tags":[589,551,5118],"class_list":["post-106124","post","type-post","status-publish","format-standard","has-post-thumbnail","hentry","category-disciplinas-deportivas","tag-adfp","tag-asociacion-deportiva-de-futbol-profesional","tag-universidad-norbert-wiener"],"_links":{"self":[{"href":"https:\/\/elinformanteperu.com\/index.php\/wp-json\/wp\/v2\/posts\/106124","targetHints":{"allow":["GET"]}}],"collection":[{"href":"https:\/\/elinformanteperu.com\/index.php\/wp-json\/wp\/v2\/posts"}],"about":[{"href":"https:\/\/elinformanteperu.com\/index.php\/wp-json\/wp\/v2\/types\/post"}],"author":[{"embeddable":true,"href":"https:\/\/elinformanteperu.com\/index.php\/wp-json\/wp\/v2\/users\/1"}],"replies":[{"embeddable":true,"href":"https:\/\/elinformanteperu.com\/index.php\/wp-json\/wp\/v2\/comments?post=106124"}],"version-history":[{"count":1,"href":"https:\/\/elinformanteperu.com\/index.php\/wp-json\/wp\/v2\/posts\/106124\/revisions"}],"predecessor-version":[{"id":106126,"href":"https:\/\/elinformanteperu.com\/index.php\/wp-json\/wp\/v2\/posts\/106124\/revisions\/106126"}],"wp:featuredmedia":[{"embeddable":true,"href":"https:\/\/elinformanteperu.com\/index.php\/wp-json\/wp\/v2\/media\/106125"}],"wp:attachment":[{"href":"https:\/\/elinformanteperu.com\/index.php\/wp-json\/wp\/v2\/media?parent=106124"}],"wp:term":[{"taxonomy":"category","embeddable":true,"href":"https:\/\/elinformanteperu.com\/index.php\/wp-json\/wp\/v2\/categories?post=106124"},{"taxonomy":"post_tag","embeddable":true,"href":"https:\/\/elinformanteperu.com\/index.php\/wp-json\/wp\/v2\/tags?post=106124"}],"curies":[{"name":"wp","href":"https:\/\/api.w.org\/{rel}","templated":true}]}}