{"id":106116,"date":"2021-09-30T20:10:08","date_gmt":"2021-10-01T01:10:08","guid":{"rendered":"https:\/\/elinformanteperu.com\/?p=106116"},"modified":"2021-09-30T20:10:08","modified_gmt":"2021-10-01T01:10:08","slug":"residente-critica-la-llamada-de-j-balvin-al-boicot-de-los-latin-grammy","status":"publish","type":"post","link":"https:\/\/elinformanteperu.com\/index.php\/2021\/09\/30\/residente-critica-la-llamada-de-j-balvin-al-boicot-de-los-latin-grammy\/","title":{"rendered":"Residente critica la llamada de J Balvin al boicot de los Latin Grammy"},"content":{"rendered":"<p><span style=\"color: #000000;\"><strong>Miami, 30 Setiembre 2021, (El Informante Per\u00fa).-<\/strong> El m\u00fasico puertorrique\u00f1o Ren\u00e9 P\u00e9rez, m\u00e1s conocido como Residente, ha criticado duramente la llamada al boicot de la pr\u00f3xima edici\u00f3n de los Latin Grammy realizada por J Balvin a causa de lo que este considera un menosprecio de los organizadores a los m\u00fasicos de urbano latino.<\/span><\/p>\n<p><span style=\"color: #000000;\">\u00abSi los Grammy no nos valoran, entonces por qu\u00e9 yo tengo 31 premios; \u00bfyo no soy urbano, yo no rapeo o de qu\u00e9 g\u00e9nero estamos hablando?\u00bb, replica el c\u00e9lebre exintegrante de Calle 13 a su colega colombiano, que solo es candidato a \u00abcanci\u00f3n del a\u00f1o\u00bb y \u00abmejor canci\u00f3n urbana\u00bb con su tema \u00abAgua\u00bb junto a Tainy.<\/span><\/p>\n<p><span style=\"color: #000000;\">A este le acusa de no haber hecho ese llamamiento cuando en la edici\u00f3n pasada obtuvo 13 nominaciones. \u00abAh\u00ed t\u00fa no pediste boicot. De seguro ten\u00edas hasta cambio de ropa para cada premio. Pero como de las 13 nominaciones te ganaste un solo Grammy, ahora vuelve el boicot\u00bb, le recrimina.<\/span><\/p>\n<p><span style=\"color: #000000;\">La pol\u00e9mica arranca tras el reciente anuncio esta semana de los candidatos a la pr\u00f3xima ceremonia de estos galardones, tras el que Balvin public\u00f3 el siguiente mensaje: \u00abLos Grammys no nos valoran, pero nos necesitan. Es mi opini\u00f3n y nada contra los otros g\u00e9neros porque se merecen todo el respeto. Pero ya el truco esta aburrido . Les damos rating pero no nos dan el respeto\u00bb.<\/span><\/p>\n<p><span style=\"color: #000000;\">En la misma l\u00ednea, le indica que si hay estilos que \u00abno est\u00e1n en ninguna lista\u00bb son \u00abel jazz, la salsa, la bossa nova de Brasil o el flamenco\u00bb.<\/span><\/p>\n<p><span style=\"color: #000000;\">\u00abTu m\u00fasica es como si fuera un carrito de hot dog, que a mucha gente le puede gustar o a casi todo el mundo. Pero cuando esa gente quiere comer bien, se van a un restaurante y ese restaurante es el que se gana las estrellas Michelin\u00bb, contin\u00faa.<\/span><\/p>\n<p><span style=\"color: #000000;\">El autor de \u00abAtr\u00e9vete te te\u00bb reprocha adem\u00e1s a Balvin que llame al boicot en una edici\u00f3n que estar\u00e1 dedicada al paname\u00f1o Rub\u00e9n Blades, \u00abun tipo que marc\u00f3 la historia de la m\u00fasica latinoamericana, un tipo que a diferencia de ti, escribe sus canciones y las siente\u00bb, a\u00f1ade entonces.<\/span><\/p>\n<p><span style=\"color: #000000;\">\u00abSi nos quejamos por los Grammy, nos tenemos que quejar por Premio Lo Nuestro, los premios Juventud, los Billboard. \u00a1Imag\u00ednate, vamos a estar todo el a\u00f1o quej\u00e1ndonos!\u00bb, concluye su mensaje.<\/span><\/p>\n<p><span style=\"color: #000000;\">El v\u00eddeo de la respuesta, que ya ha sido borrado del perfil de Instagram de Residente, circula a\u00fan por redes gracias a los usuarios que hicieron captura del mismo y que, antes de ser retirado, sumaba ya m\u00e1s de un mill\u00f3n de visualizaciones.<\/span><\/p>\n<p><span style=\"color: #000000;\">Adem\u00e1s de Residente, tambi\u00e9n el cubano Yotuel ha respondido a Balvin en otro v\u00eddeo. \u00abEl g\u00e9nero no empez\u00f3 cuando usted lleg\u00f3, ya exist\u00eda y ya est\u00e1bamos fajados\u00bb, le dice, antes de recordarle que el g\u00e9nero lo impulsaron artistas como Tego Calder\u00f3n, V Coci o su propia exbanda, Orishas.<\/span><\/p>\n<p><a href=\"https:\/\/elinformanteperu.com\/wp-content\/uploads\/2018\/04\/J-BALVIN.jpg\"><img fetchpriority=\"high\" decoding=\"async\" class=\"alignnone size-full wp-image-25016\" src=\"https:\/\/elinformanteperu.com\/wp-content\/uploads\/2018\/04\/J-BALVIN.jpg\" alt=\"\" width=\"748\" height=\"498\" srcset=\"https:\/\/elinformanteperu.com\/wp-content\/uploads\/2018\/04\/J-BALVIN.jpg 748w, https:\/\/elinformanteperu.com\/wp-content\/uploads\/2018\/04\/J-BALVIN-300x200.jpg 300w, https:\/\/elinformanteperu.com\/wp-content\/uploads\/2018\/04\/J-BALVIN-128x85.jpg 128w, https:\/\/elinformanteperu.com\/wp-content\/uploads\/2018\/04\/J-BALVIN-32x21.jpg 32w\" sizes=\"(max-width: 748px) 100vw, 748px\" \/><\/a><\/p>\n","protected":false},"excerpt":{"rendered":"<p>Miami, 30 Setiembre 2021, (El Informante Per\u00fa).- El m\u00fasico puertorrique\u00f1o Ren\u00e9 P\u00e9rez, m\u00e1s conocido como Residente, ha criticado duramente la llamada al boicot de la pr\u00f3xima edici\u00f3n de los Latin Grammy realizada por J Balvin a causa de lo que este considera un menosprecio de los organizadores a los m\u00fasicos de urbano latino. \u00abSi los [&hellip;]<\/p>\n","protected":false},"author":1,"featured_media":106117,"comment_status":"closed","ping_status":"closed","sticky":false,"template":"","format":"standard","meta":{"rop_custom_images_group":[],"rop_custom_messages_group":[],"rop_publish_now":"initial","rop_publish_now_accounts":[],"rop_publish_now_history":[],"rop_publish_now_status":"pending","footnotes":""},"categories":[69],"tags":[6813,2987,817],"class_list":["post-106116","post","type-post","status-publish","format-standard","has-post-thumbnail","hentry","category-musica","tag-grammy-latino-2021","tag-j-balvin","tag-residente"],"_links":{"self":[{"href":"https:\/\/elinformanteperu.com\/index.php\/wp-json\/wp\/v2\/posts\/106116","targetHints":{"allow":["GET"]}}],"collection":[{"href":"https:\/\/elinformanteperu.com\/index.php\/wp-json\/wp\/v2\/posts"}],"about":[{"href":"https:\/\/elinformanteperu.com\/index.php\/wp-json\/wp\/v2\/types\/post"}],"author":[{"embeddable":true,"href":"https:\/\/elinformanteperu.com\/index.php\/wp-json\/wp\/v2\/users\/1"}],"replies":[{"embeddable":true,"href":"https:\/\/elinformanteperu.com\/index.php\/wp-json\/wp\/v2\/comments?post=106116"}],"version-history":[{"count":1,"href":"https:\/\/elinformanteperu.com\/index.php\/wp-json\/wp\/v2\/posts\/106116\/revisions"}],"predecessor-version":[{"id":106118,"href":"https:\/\/elinformanteperu.com\/index.php\/wp-json\/wp\/v2\/posts\/106116\/revisions\/106118"}],"wp:featuredmedia":[{"embeddable":true,"href":"https:\/\/elinformanteperu.com\/index.php\/wp-json\/wp\/v2\/media\/106117"}],"wp:attachment":[{"href":"https:\/\/elinformanteperu.com\/index.php\/wp-json\/wp\/v2\/media?parent=106116"}],"wp:term":[{"taxonomy":"category","embeddable":true,"href":"https:\/\/elinformanteperu.com\/index.php\/wp-json\/wp\/v2\/categories?post=106116"},{"taxonomy":"post_tag","embeddable":true,"href":"https:\/\/elinformanteperu.com\/index.php\/wp-json\/wp\/v2\/tags?post=106116"}],"curies":[{"name":"wp","href":"https:\/\/api.w.org\/{rel}","templated":true}]}}