{"id":106114,"date":"2021-09-29T23:48:17","date_gmt":"2021-09-30T04:48:17","guid":{"rendered":"https:\/\/elinformanteperu.com\/?p=106114"},"modified":"2021-09-29T23:48:17","modified_gmt":"2021-09-30T04:48:17","slug":"alberto-fujimori-solicitaran-a-chile-ampliar-extradicion-por-seis-nuevos-casos","status":"publish","type":"post","link":"https:\/\/elinformanteperu.com\/index.php\/2021\/09\/29\/alberto-fujimori-solicitaran-a-chile-ampliar-extradicion-por-seis-nuevos-casos\/","title":{"rendered":"Alberto Fujimori: Solicitar\u00e1n a Chile ampliar extradici\u00f3n por seis nuevos casos"},"content":{"rendered":"<p><strong><span style=\"color: #000000;\">Informa ministro de Justicia y Derechos Humanos, An\u00edbal Torres<\/span><\/strong><\/p>\n<p><span style=\"color: #000000;\"><strong>Lima, 29 Setiembre 2021, (ANDINA).-<\/strong> El ministro de Justicia y Derechos Humanos, An\u00edbal Torres, inform\u00f3 hoy que el Consejo de Ministros aprob\u00f3 solicitar a Chile ampliar la extradici\u00f3n contra el expresidente Alberto Fujimori para ser juzgado por seis nuevos casos.<\/span><\/p>\n<p><span style=\"color: #000000;\">Se\u00f1al\u00f3 que desde que asumi\u00f3 sus funciones, ha trabajado en diferentes aspectos, como las extradiciones que se encontraban suspendidas.<\/span><\/p>\n<p><span style=\"color: #000000;\">\u201cEntre ellas hemos encontrado seis casos del Alberto Fujimori Fujimori por delitos muy graves, como homicidio calificado, se someti\u00f3 a la decisi\u00f3n del pleno y se aprob\u00f3 la ampliaci\u00f3n de la extradici\u00f3n para juzgarlo por nuevos delitos, distintos a los cuales ya est\u00e1 sentenciado\u201d, afirm\u00f3.<\/span><\/p>\n<p><span style=\"color: #000000;\">Esos casos, dijo, son por el presunto delito de homicidio calificado, en el caso Castro Castro, expediente 32-2007; la presunta comisi\u00f3n del delito de homicidio calificado, en el caso Chav\u00edn de Huantar, expediente 7-2008; y por el presunto delito de peculado doloso y otros, en el caso Panamericana TV, expedientes 39-2008 y 59-200.<\/span><\/p>\n<p><span style=\"color: #000000;\">Asimismo, por la presunta comisi\u00f3n del delito de secuestro agravado, casos opositores, expediente 68-2009; el presunto delito de revelaci\u00f3n de secreto de inter\u00e9s nacional, caso Consejo de Defensa, expediente 81-2009; y la presunta comisi\u00f3n de homicidio calificado, caso Ventocilla, expediente 98-2009.<\/span><\/p>\n<p><span style=\"color: #000000;\">\u201cEsos son los casos de extradici\u00f3n activa que se solicitar\u00e1 a Chile, es una ampliaci\u00f3n de la extradici\u00f3n para que sea juzgado por estos delitos, est\u00e1 sentenciado, pero estos procesos no pueden quedar archivados, deben seguir su curso\u201d, afirm\u00f3.<\/span><\/p>\n<p><strong><span style=\"color: #000000;\">Alejandro Toledo<\/span><\/strong><\/p>\n<p><span style=\"color: #000000;\">El ministro Torres, de otro lado, sostuvo que existe la seguridad de que el expresidente Alejandro Toledo ser\u00e1 extraditado al Per\u00fa, para ser juzgado por el presunto pago de una coima de 34 millones de d\u00f3lares por la Carretera Interoce\u00e1nica.<\/span><\/p>\n<p><span style=\"color: #000000;\">Precis\u00f3 que el juez Thomas S. Hixon, de la Corte de Distrito del Norte de California, dijo que hab\u00eda quedado demostrado que exist\u00eda una colusi\u00f3n entre Toledo y Odebrecht para recibir una coima y que el dinero era de procedencia il\u00edcita.<\/span><\/p>\n<p><span style=\"color: #000000;\">El juez, adem\u00e1s, estaba plenamente convencido del delito debido a que Toledo uso empresas extranjeras en un pa\u00eds extranjero para recibir los pagos, de forma que se acredito la intenci\u00f3n de ocultar el delito.<\/span><\/p>\n<p><span style=\"color: #000000;\">Apunt\u00f3 que judicialmente el proceso de extradici\u00f3n ha terminado y que est\u00e1 pendiente el pronunciamiento de Estados Unidos para que el expresidente sea llevado al Per\u00fa.<\/span><\/p>\n<p><span style=\"color: #000000;\">Sin embargo, refiri\u00f3 que Toledo tiene la posibilidad de interponer un habeas corpus. En caso de que ello suceda, la repatriaci\u00f3n durar\u00e1 unos meses m\u00e1s.<\/span><\/p>\n<p><span style=\"color: #000000;\">\u201cPero pr\u00e1cticamente existe la seguridad de que Toledo ser\u00e1 tra\u00eddo al pa\u00eds para ser juzgado por los delitos cometidos\u201d, afirm\u00f3.<\/span><\/p>\n","protected":false},"excerpt":{"rendered":"<p>Informa ministro de Justicia y Derechos Humanos, An\u00edbal Torres Lima, 29 Setiembre 2021, (ANDINA).- El ministro de Justicia y Derechos Humanos, An\u00edbal Torres, inform\u00f3 hoy que el Consejo de Ministros aprob\u00f3 solicitar a Chile ampliar la extradici\u00f3n contra el expresidente Alberto Fujimori para ser juzgado por seis nuevos casos. Se\u00f1al\u00f3 que desde que asumi\u00f3 sus [&hellip;]<\/p>\n","protected":false},"author":1,"featured_media":42050,"comment_status":"closed","ping_status":"closed","sticky":false,"template":"","format":"standard","meta":{"rop_custom_images_group":[],"rop_custom_messages_group":[],"rop_publish_now":"initial","rop_publish_now_accounts":[],"rop_publish_now_history":[],"rop_publish_now_status":"pending","footnotes":""},"categories":[5],"tags":[343,208,6582,166,2396],"class_list":["post-106114","post","type-post","status-publish","format-standard","has-post-thumbnail","hentry","category-actualidad-informativa","tag-alberto-fujimori","tag-alejandro-toledo","tag-anibal-torres","tag-ministerio-de-justicia","tag-minjus"],"_links":{"self":[{"href":"https:\/\/elinformanteperu.com\/index.php\/wp-json\/wp\/v2\/posts\/106114","targetHints":{"allow":["GET"]}}],"collection":[{"href":"https:\/\/elinformanteperu.com\/index.php\/wp-json\/wp\/v2\/posts"}],"about":[{"href":"https:\/\/elinformanteperu.com\/index.php\/wp-json\/wp\/v2\/types\/post"}],"author":[{"embeddable":true,"href":"https:\/\/elinformanteperu.com\/index.php\/wp-json\/wp\/v2\/users\/1"}],"replies":[{"embeddable":true,"href":"https:\/\/elinformanteperu.com\/index.php\/wp-json\/wp\/v2\/comments?post=106114"}],"version-history":[{"count":1,"href":"https:\/\/elinformanteperu.com\/index.php\/wp-json\/wp\/v2\/posts\/106114\/revisions"}],"predecessor-version":[{"id":106115,"href":"https:\/\/elinformanteperu.com\/index.php\/wp-json\/wp\/v2\/posts\/106114\/revisions\/106115"}],"wp:featuredmedia":[{"embeddable":true,"href":"https:\/\/elinformanteperu.com\/index.php\/wp-json\/wp\/v2\/media\/42050"}],"wp:attachment":[{"href":"https:\/\/elinformanteperu.com\/index.php\/wp-json\/wp\/v2\/media?parent=106114"}],"wp:term":[{"taxonomy":"category","embeddable":true,"href":"https:\/\/elinformanteperu.com\/index.php\/wp-json\/wp\/v2\/categories?post=106114"},{"taxonomy":"post_tag","embeddable":true,"href":"https:\/\/elinformanteperu.com\/index.php\/wp-json\/wp\/v2\/tags?post=106114"}],"curies":[{"name":"wp","href":"https:\/\/api.w.org\/{rel}","templated":true}]}}