{"id":105932,"date":"2021-09-28T00:58:54","date_gmt":"2021-09-28T05:58:54","guid":{"rendered":"https:\/\/elinformanteperu.com\/?p=105932"},"modified":"2021-09-28T00:58:54","modified_gmt":"2021-09-28T05:58:54","slug":"ministro-ayala-negociacion-sobre-camisea-respeta-el-marco-legal-vigente","status":"publish","type":"post","link":"https:\/\/elinformanteperu.com\/index.php\/2021\/09\/28\/ministro-ayala-negociacion-sobre-camisea-respeta-el-marco-legal-vigente\/","title":{"rendered":"Ministro Ayala: negociaci\u00f3n sobre Camisea respeta el marco legal vigente"},"content":{"rendered":"<p><span style=\"color: #000000;\"><strong>Lima, 27 Setiembre 2021, (ANDINA).-<\/strong> El ministro de Defensa, Walter Ayala, afirm\u00f3 esta noche que el inicio de las negociaciones referidas al gas de Camisea, respetan el marco legal vigente en el pa\u00eds.<\/span><\/p>\n<p><span style=\"color: #000000;\">Al concluir una reuni\u00f3n con diversos ministros de Estado en la sede de Palacio de Gobierno, manifest\u00f3 que el precio del alza del gas, hace posible este planteamiento para renegociar el referido contrato.<\/span><\/p>\n<p><span style=\"color: #000000;\">\u201cEstamos en un estado de derecho y es un gobierno democr\u00e1tico que fue elegido democr\u00e1ticamente y como dem\u00f3cratas hay que respetar el marco legal. El hecho que haya una idea de renegociar el contrato es algo normal, es algo legal y es constitucional\u201d, recalc\u00f3.<\/span><\/p>\n<p><span style=\"color: #000000;\">El ministro de Defensa recalc\u00f3 tambi\u00e9n que la pol\u00edtica de gobierno la dirige el propio presidente de la Rep\u00fablica, Pedro Castillo.<\/span><\/p>\n<p><span style=\"color: #000000;\">Precisamente hoy, el presidente del Consejo de Ministros, Guido Bellido, y el ministro de Energ\u00eda y Minas, Iv\u00e1n Merino, entregaron a la empresa PlusPetrol un oficio que formaliza el inicio de las negociaciones referidas al gas de Camisea.<\/span><\/p>\n<p><span style=\"color: #000000;\">Al respecto, el presidente Pedro Castillo, dijo ayer que cualquier renegociaci\u00f3n se dar\u00e1 con respeto irrestricto al Estado de derecho y velando por los intereses nacionales.<\/span><\/p>\n","protected":false},"excerpt":{"rendered":"<p>Lima, 27 Setiembre 2021, (ANDINA).- El ministro de Defensa, Walter Ayala, afirm\u00f3 esta noche que el inicio de las negociaciones referidas al gas de Camisea, respetan el marco legal vigente en el pa\u00eds. Al concluir una reuni\u00f3n con diversos ministros de Estado en la sede de Palacio de Gobierno, manifest\u00f3 que el precio del alza [&hellip;]<\/p>\n","protected":false},"author":1,"featured_media":105933,"comment_status":"closed","ping_status":"closed","sticky":false,"template":"","format":"standard","meta":{"rop_custom_images_group":[],"rop_custom_messages_group":[],"rop_publish_now":"initial","rop_publish_now_accounts":[],"rop_publish_now_history":[],"rop_publish_now_status":"pending","footnotes":""},"categories":[5],"tags":[2759,376,375,2749,4309],"class_list":["post-105932","post","type-post","status-publish","format-standard","has-post-thumbnail","hentry","category-actualidad-informativa","tag-camisea","tag-mindef","tag-ministerio-de-defensa","tag-pluspetrol","tag-walter-ayala-anton"],"_links":{"self":[{"href":"https:\/\/elinformanteperu.com\/index.php\/wp-json\/wp\/v2\/posts\/105932","targetHints":{"allow":["GET"]}}],"collection":[{"href":"https:\/\/elinformanteperu.com\/index.php\/wp-json\/wp\/v2\/posts"}],"about":[{"href":"https:\/\/elinformanteperu.com\/index.php\/wp-json\/wp\/v2\/types\/post"}],"author":[{"embeddable":true,"href":"https:\/\/elinformanteperu.com\/index.php\/wp-json\/wp\/v2\/users\/1"}],"replies":[{"embeddable":true,"href":"https:\/\/elinformanteperu.com\/index.php\/wp-json\/wp\/v2\/comments?post=105932"}],"version-history":[{"count":1,"href":"https:\/\/elinformanteperu.com\/index.php\/wp-json\/wp\/v2\/posts\/105932\/revisions"}],"predecessor-version":[{"id":105934,"href":"https:\/\/elinformanteperu.com\/index.php\/wp-json\/wp\/v2\/posts\/105932\/revisions\/105934"}],"wp:featuredmedia":[{"embeddable":true,"href":"https:\/\/elinformanteperu.com\/index.php\/wp-json\/wp\/v2\/media\/105933"}],"wp:attachment":[{"href":"https:\/\/elinformanteperu.com\/index.php\/wp-json\/wp\/v2\/media?parent=105932"}],"wp:term":[{"taxonomy":"category","embeddable":true,"href":"https:\/\/elinformanteperu.com\/index.php\/wp-json\/wp\/v2\/categories?post=105932"},{"taxonomy":"post_tag","embeddable":true,"href":"https:\/\/elinformanteperu.com\/index.php\/wp-json\/wp\/v2\/tags?post=105932"}],"curies":[{"name":"wp","href":"https:\/\/api.w.org\/{rel}","templated":true}]}}