{"id":105438,"date":"2021-09-19T14:56:53","date_gmt":"2021-09-19T19:56:53","guid":{"rendered":"https:\/\/elinformanteperu.com\/?p=105438"},"modified":"2021-09-19T14:56:53","modified_gmt":"2021-09-19T19:56:53","slug":"covid-19-exigiran-vacunacion-y-prueba-molecular-a-viajeros-que-ingresen-al-peru","status":"publish","type":"post","link":"https:\/\/elinformanteperu.com\/index.php\/2021\/09\/19\/covid-19-exigiran-vacunacion-y-prueba-molecular-a-viajeros-que-ingresen-al-peru\/","title":{"rendered":"Covid-19: exigir\u00e1n vacunaci\u00f3n y prueba molecular a viajeros que ingresen al Per\u00fa"},"content":{"rendered":"<p><strong><span style=\"color: #000000;\">Medida se aplicar\u00e1 desde las 00.00 horas del lunes 20 de setiembre<\/span><\/strong><\/p>\n<p><span style=\"color: #000000;\"><strong>Lima, 19 Setiembre 2021, (ANDINA).-<\/strong> Desde las 00.00 horas de ma\u00f1ana, lunes 20 de setiembre, a las personas mayores de 18 a\u00f1os, procedentes de pa\u00edses con coberturas de vacunaci\u00f3n superiores al 70% de su poblaci\u00f3n, se les solicitar\u00e1 certificar su vacunaci\u00f3n contra la covid-19, inform\u00f3 el Ministerio de Salud (Minsa).<\/span><\/p>\n<p><span style=\"color: #000000;\">Agreg\u00f3 que, de acuerdo al Decreto Supremo N\u00ba 152-2021-PCM, los peruanos, extranjeros residentes y extranjeros no residentes cuyo destino final sea el Per\u00fa, en calidad de pasajeros e independientemente del pa\u00eds de origen, deben contar con una prueba molecular negativa con fecha de resultado no mayor a 72 horas antes de abordar en su punto de origen.<\/span><\/p>\n<p><span style=\"color: #000000;\">Los pasajeros deber\u00e1n mostrar los resultados de la prueba molecular y de preferencia, el carn\u00e9 de vacunaci\u00f3n del pa\u00eds donde se vacun\u00f3.<\/span><\/p>\n<p><span style=\"color: #000000;\">La norma indica, asimismo, que aquellas personas que muestren s\u00edntomas de covid-19 al ingresar a territorio peruano ingresar\u00e1n a aislamiento obligatorio, en concordancia con las regulaciones sobre la materia.<\/span><\/p>\n<p><span style=\"color: #000000;\">De otro lado, el dispositivo legal dispone suspender hasta el 3 de octubre del 2021, el ingreso al Per\u00fa de extranjeros no residentes de procedencia de la Rep\u00fablica de Sud\u00e1frica, o que hayan realizado escala en este lugar en los \u00faltimos 14 d\u00edas calendario.<\/span><\/p>\n<p><span style=\"color: #000000;\">En tal sentido, se\u00f1ala que los peruanos y extranjeros residentes que ingresen al Per\u00fa provenientes de Sud\u00e1frica, o que hayan realizado escala en este lugar, realizar\u00e1n cuarentena obligatoria en su domicilio, hospedaje u otro centro de aislamiento temporal por un periodo de 14 d\u00edas calendario, contados desde el arribo al territorio nacional.<\/span><\/p>\n","protected":false},"excerpt":{"rendered":"<p>Medida se aplicar\u00e1 desde las 00.00 horas del lunes 20 de setiembre Lima, 19 Setiembre 2021, (ANDINA).- Desde las 00.00 horas de ma\u00f1ana, lunes 20 de setiembre, a las personas mayores de 18 a\u00f1os, procedentes de pa\u00edses con coberturas de vacunaci\u00f3n superiores al 70% de su poblaci\u00f3n, se les solicitar\u00e1 certificar su vacunaci\u00f3n contra la [&hellip;]<\/p>\n","protected":false},"author":1,"featured_media":105439,"comment_status":"closed","ping_status":"closed","sticky":false,"template":"","format":"standard","meta":{"rop_custom_images_group":[],"rop_custom_messages_group":[],"rop_publish_now":"initial","rop_publish_now_accounts":[],"rop_publish_now_history":[],"rop_publish_now_status":"pending","footnotes":""},"categories":[10,5745],"tags":[6322,388,431,5939],"class_list":["post-105438","post","type-post","status-publish","format-standard","has-post-thumbnail","hentry","category-actualidad-municipal","category-lo-ultimo","tag-covid-segunda-ola","tag-ministerio-de-salud","tag-minsa","tag-vacunacion"],"_links":{"self":[{"href":"https:\/\/elinformanteperu.com\/index.php\/wp-json\/wp\/v2\/posts\/105438","targetHints":{"allow":["GET"]}}],"collection":[{"href":"https:\/\/elinformanteperu.com\/index.php\/wp-json\/wp\/v2\/posts"}],"about":[{"href":"https:\/\/elinformanteperu.com\/index.php\/wp-json\/wp\/v2\/types\/post"}],"author":[{"embeddable":true,"href":"https:\/\/elinformanteperu.com\/index.php\/wp-json\/wp\/v2\/users\/1"}],"replies":[{"embeddable":true,"href":"https:\/\/elinformanteperu.com\/index.php\/wp-json\/wp\/v2\/comments?post=105438"}],"version-history":[{"count":1,"href":"https:\/\/elinformanteperu.com\/index.php\/wp-json\/wp\/v2\/posts\/105438\/revisions"}],"predecessor-version":[{"id":105440,"href":"https:\/\/elinformanteperu.com\/index.php\/wp-json\/wp\/v2\/posts\/105438\/revisions\/105440"}],"wp:featuredmedia":[{"embeddable":true,"href":"https:\/\/elinformanteperu.com\/index.php\/wp-json\/wp\/v2\/media\/105439"}],"wp:attachment":[{"href":"https:\/\/elinformanteperu.com\/index.php\/wp-json\/wp\/v2\/media?parent=105438"}],"wp:term":[{"taxonomy":"category","embeddable":true,"href":"https:\/\/elinformanteperu.com\/index.php\/wp-json\/wp\/v2\/categories?post=105438"},{"taxonomy":"post_tag","embeddable":true,"href":"https:\/\/elinformanteperu.com\/index.php\/wp-json\/wp\/v2\/tags?post=105438"}],"curies":[{"name":"wp","href":"https:\/\/api.w.org\/{rel}","templated":true}]}}