{"id":105394,"date":"2021-09-17T00:13:15","date_gmt":"2021-09-17T05:13:15","guid":{"rendered":"https:\/\/elinformanteperu.com\/?p=105394"},"modified":"2021-09-17T00:13:15","modified_gmt":"2021-09-17T05:13:15","slug":"congreso-aprueba-texto-que-permite-cremacion-de-restos-de-cabecillas-terroristas","status":"publish","type":"post","link":"https:\/\/elinformanteperu.com\/index.php\/2021\/09\/17\/congreso-aprueba-texto-que-permite-cremacion-de-restos-de-cabecillas-terroristas\/","title":{"rendered":"Congreso aprueba texto que permite cremaci\u00f3n de restos de cabecillas terroristas"},"content":{"rendered":"<p><strong><span style=\"color: #000000;\">Luego ser\u00e1n dispersados en un lugar reservado, seg\u00fan dictamen aprobado en el Congreso<\/span><\/strong><\/p>\n<p><span style=\"color: #000000;\"><strong>Lima, 16 Setiembre 2021, (ANDINA).-<\/strong> Los restos de los cabecillas terroristas sentenciados que fallezcan durante el cumplimiento de su condena, ser\u00e1n cremados y sus cenizas esparcidas en un lugar que se mantendr\u00e1 en reserva, seg\u00fan lo establecido en un dictamen aprobado hoy por el pleno del Congreso.<\/span><\/p>\n<p><span style=\"color: #000000;\">La iniciativa recibi\u00f3, en primera votaci\u00f3n, la adhesi\u00f3n de 70 parlamentarios, mientras que otros 32 se manifestaron en contra y 14 se abstuvieron.<\/span><\/p>\n<p><span style=\"color: #000000;\">Luego, se vot\u00f3 para exonerar al dictamen de una segunda votaci\u00f3n reglamentaria, aprob\u00e1ndose dicho pedido con 81 votos a favor, 37 en contra y una abstenci\u00f3n.<\/span><\/p>\n<p><span style=\"color: #000000;\">Gladys Echa\u00edz (APP), presidenta de la Comisi\u00f3n de Justicia del Congreso, sustent\u00f3 el dictamen, elaborado sobre la base de un proyecto de ley suyo y de otro, remitido por el Ministerio P\u00fablico.<\/span><\/p>\n<p><span style=\"color: #000000;\">La parlamentaria se\u00f1al\u00f3 que el objetivo de esta iniciativa es evitar alteraciones del orden p\u00fablico y amenazas a la seguridad nacional derivadas del deceso de los cabecillas de las organizaciones terroristas.<\/span><\/p>\n<p><span style=\"color: #000000;\">La iniciativa contempla a\u00f1adir al art\u00edculo 112 de la Ley General de Salud (Ley 26842) que el fiscal competente podr\u00e1 disponer la cremaci\u00f3n del sentenciado fallecido \u201cen decisi\u00f3n motivada e inimpugnable\u201d cuando la entrega del cuerpo, su traslado, sepelio o inhumaci\u00f3n \u201cponga en riesgo la seguridad nacional o el orden interno\u201d.<\/span><\/p>\n<p><span style=\"color: #000000;\">La incineraci\u00f3n se realizar\u00e1 previa necropsia. Adem\u00e1s, se indica que la autoridad sanitaria correspondiente, en coordinaci\u00f3n con los ministerios de Justicia y del Interior, dispondr\u00e1n que esta se realice en un plazo m\u00e1ximo de 24 horas.<\/span><\/p>\n<p><span style=\"color: #000000;\">El Ministerio de Justicia dispondr\u00e1, en coordinaci\u00f3n con el Ministerio del Interior, que los restos cremados sean dispersados \u201cen tiempo y lugar de naturaleza reservada\u201d.<\/span><\/p>\n","protected":false},"excerpt":{"rendered":"<p>Luego ser\u00e1n dispersados en un lugar reservado, seg\u00fan dictamen aprobado en el Congreso Lima, 16 Setiembre 2021, (ANDINA).- Los restos de los cabecillas terroristas sentenciados que fallezcan durante el cumplimiento de su condena, ser\u00e1n cremados y sus cenizas esparcidas en un lugar que se mantendr\u00e1 en reserva, seg\u00fan lo establecido en un dictamen aprobado hoy [&hellip;]<\/p>\n","protected":false},"author":1,"featured_media":57912,"comment_status":"closed","ping_status":"closed","sticky":false,"template":"","format":"standard","meta":{"rop_custom_images_group":[],"rop_custom_messages_group":[],"rop_publish_now":"initial","rop_publish_now_accounts":[],"rop_publish_now_history":[],"rop_publish_now_status":"pending","footnotes":""},"categories":[5,5745],"tags":[1105,192,1509],"class_list":["post-105394","post","type-post","status-publish","format-standard","has-post-thumbnail","hentry","category-actualidad-informativa","category-lo-ultimo","tag-abimael-guzman","tag-congreso","tag-terrorismo"],"_links":{"self":[{"href":"https:\/\/elinformanteperu.com\/index.php\/wp-json\/wp\/v2\/posts\/105394","targetHints":{"allow":["GET"]}}],"collection":[{"href":"https:\/\/elinformanteperu.com\/index.php\/wp-json\/wp\/v2\/posts"}],"about":[{"href":"https:\/\/elinformanteperu.com\/index.php\/wp-json\/wp\/v2\/types\/post"}],"author":[{"embeddable":true,"href":"https:\/\/elinformanteperu.com\/index.php\/wp-json\/wp\/v2\/users\/1"}],"replies":[{"embeddable":true,"href":"https:\/\/elinformanteperu.com\/index.php\/wp-json\/wp\/v2\/comments?post=105394"}],"version-history":[{"count":1,"href":"https:\/\/elinformanteperu.com\/index.php\/wp-json\/wp\/v2\/posts\/105394\/revisions"}],"predecessor-version":[{"id":105395,"href":"https:\/\/elinformanteperu.com\/index.php\/wp-json\/wp\/v2\/posts\/105394\/revisions\/105395"}],"wp:featuredmedia":[{"embeddable":true,"href":"https:\/\/elinformanteperu.com\/index.php\/wp-json\/wp\/v2\/media\/57912"}],"wp:attachment":[{"href":"https:\/\/elinformanteperu.com\/index.php\/wp-json\/wp\/v2\/media?parent=105394"}],"wp:term":[{"taxonomy":"category","embeddable":true,"href":"https:\/\/elinformanteperu.com\/index.php\/wp-json\/wp\/v2\/categories?post=105394"},{"taxonomy":"post_tag","embeddable":true,"href":"https:\/\/elinformanteperu.com\/index.php\/wp-json\/wp\/v2\/tags?post=105394"}],"curies":[{"name":"wp","href":"https:\/\/api.w.org\/{rel}","templated":true}]}}