{"id":105390,"date":"2021-09-17T00:07:53","date_gmt":"2021-09-17T05:07:53","guid":{"rendered":"https:\/\/elinformanteperu.com\/?p=105390"},"modified":"2021-09-17T00:07:53","modified_gmt":"2021-09-17T05:07:53","slug":"congreso-retira-publicaciones-consideradas-politicamente-parcializadas","status":"publish","type":"post","link":"https:\/\/elinformanteperu.com\/index.php\/2021\/09\/17\/congreso-retira-publicaciones-consideradas-politicamente-parcializadas\/","title":{"rendered":"Congreso retira publicaciones consideradas pol\u00edticamente parcializadas"},"content":{"rendered":"<p><strong><span style=\"color: #000000;\">Titular del Parlamento anuncia investigaci\u00f3n para determinar responsabilidades<\/span><\/strong><\/p>\n<p><span style=\"color: #000000;\"><strong>Lima, 16 Setiembre 2021, (ANDINA).-<\/strong> El Congreso de la Rep\u00fablica dispuso el retiro de publicaciones hechas en su p\u00e1gina web que fueron consideradas por diversos parlamentarios como inexactas y pol\u00edticamente sesgadas.<\/span><\/p>\n<p><span style=\"color: #000000;\">La titular del Parlamento, Mar\u00eda del Carmen Alva, anunci\u00f3 que se ha dispuesto que, de manera inmediata, se retiren esas publicaciones, difundidas en el contexto de una l\u00ednea de tiempo hist\u00f3rica referida al devenir pol\u00edtico reciente del pa\u00eds.<\/span><\/p>\n<p><span style=\"color: #000000;\">Estos contenidos se dieron a conocer hoy en el marco de la celebraci\u00f3n por el aniversario del Poder Legislativo.<\/span><\/p>\n<p><span style=\"color: #000000;\">\u201cEs inaceptable que estas publicaciones con visiones particulares de la historia sean difundidas en nuestra p\u00e1gina institucional\u201d, se\u00f1al\u00f3 Alva, durante una pausa en la sesi\u00f3n plenaria que esta tarde desarrolla el Parlamento Nacional.<\/span><\/p>\n<p><span style=\"color: #000000;\">En ese sentido, confirm\u00f3 el retiro de dichos textos e im\u00e1genes y se\u00f1al\u00f3 que, desde la Mesa Directiva del congreso \u201chemos pedido los informes correspondientes para adoptar las sanciones a quienes resulten responsables\u201d.<\/span><\/p>\n<p><span style=\"color: #000000;\">\u201cComprendo la indignaci\u00f3n expresada por varios congresistas y compatriotas\u201d respecto el contenido mencionado, dijo la titular del Parlamento.<\/span><\/p>\n<p><span style=\"color: #000000;\">Estos alud\u00edan, concretamente, a hechos correspondientes a los gobiernos de Alberto Fujimori y de Manuel Merino.<\/span><\/p>\n","protected":false},"excerpt":{"rendered":"<p>Titular del Parlamento anuncia investigaci\u00f3n para determinar responsabilidades Lima, 16 Setiembre 2021, (ANDINA).- El Congreso de la Rep\u00fablica dispuso el retiro de publicaciones hechas en su p\u00e1gina web que fueron consideradas por diversos parlamentarios como inexactas y pol\u00edticamente sesgadas. La titular del Parlamento, Mar\u00eda del Carmen Alva, anunci\u00f3 que se ha dispuesto que, de manera [&hellip;]<\/p>\n","protected":false},"author":1,"featured_media":103129,"comment_status":"closed","ping_status":"closed","sticky":false,"template":"","format":"standard","meta":{"rop_custom_images_group":[],"rop_custom_messages_group":[],"rop_publish_now":"initial","rop_publish_now_accounts":[],"rop_publish_now_history":[],"rop_publish_now_status":"pending","footnotes":""},"categories":[5],"tags":[192,6706],"class_list":["post-105390","post","type-post","status-publish","format-standard","has-post-thumbnail","hentry","category-actualidad-informativa","tag-congreso","tag-maria-del-carmen-alva"],"_links":{"self":[{"href":"https:\/\/elinformanteperu.com\/index.php\/wp-json\/wp\/v2\/posts\/105390","targetHints":{"allow":["GET"]}}],"collection":[{"href":"https:\/\/elinformanteperu.com\/index.php\/wp-json\/wp\/v2\/posts"}],"about":[{"href":"https:\/\/elinformanteperu.com\/index.php\/wp-json\/wp\/v2\/types\/post"}],"author":[{"embeddable":true,"href":"https:\/\/elinformanteperu.com\/index.php\/wp-json\/wp\/v2\/users\/1"}],"replies":[{"embeddable":true,"href":"https:\/\/elinformanteperu.com\/index.php\/wp-json\/wp\/v2\/comments?post=105390"}],"version-history":[{"count":1,"href":"https:\/\/elinformanteperu.com\/index.php\/wp-json\/wp\/v2\/posts\/105390\/revisions"}],"predecessor-version":[{"id":105391,"href":"https:\/\/elinformanteperu.com\/index.php\/wp-json\/wp\/v2\/posts\/105390\/revisions\/105391"}],"wp:featuredmedia":[{"embeddable":true,"href":"https:\/\/elinformanteperu.com\/index.php\/wp-json\/wp\/v2\/media\/103129"}],"wp:attachment":[{"href":"https:\/\/elinformanteperu.com\/index.php\/wp-json\/wp\/v2\/media?parent=105390"}],"wp:term":[{"taxonomy":"category","embeddable":true,"href":"https:\/\/elinformanteperu.com\/index.php\/wp-json\/wp\/v2\/categories?post=105390"},{"taxonomy":"post_tag","embeddable":true,"href":"https:\/\/elinformanteperu.com\/index.php\/wp-json\/wp\/v2\/tags?post=105390"}],"curies":[{"name":"wp","href":"https:\/\/api.w.org\/{rel}","templated":true}]}}