{"id":104682,"date":"2021-09-05T11:42:47","date_gmt":"2021-09-05T16:42:47","guid":{"rendered":"https:\/\/elinformanteperu.com\/?p=104682"},"modified":"2021-09-05T11:42:47","modified_gmt":"2021-09-05T16:42:47","slug":"enrique-iglesias-anuncia-el-ultimo-disco-de-su-carrera-final","status":"publish","type":"post","link":"https:\/\/elinformanteperu.com\/index.php\/2021\/09\/05\/enrique-iglesias-anuncia-el-ultimo-disco-de-su-carrera-final\/","title":{"rendered":"Enrique Iglesias anuncia el \u00ab\u00faltimo\u00bb disco de su carrera, \u00abFinal\u00bb"},"content":{"rendered":"<p><span style=\"color: #000000;\"><strong>Lima, 05 Setiembre 2021, (ANDINA).-<\/strong> Enrique Iglesias anunci\u00f3 que el 17 de septiembre lanzar\u00e1 un nuevo disco llamado \u00abFinal\u00bb, el und\u00e9cimo y \u00ab\u00faltimo\u00bb de su carrera: \u00abTendr\u00e1 volumen 1 y volumen 2, pero es el \u00faltimo. Estoy en ese momento de mi vida, ese cap\u00edtulo de mi vida, que creo que es el tiempo adecuado de parar\u00bb.<\/span><\/p>\n<p><span style=\"color: #000000;\">El cantante espa\u00f1ol dio la noticia en una charla retransmitida por internet donde estuvo acompa\u00f1ado por el puertorrique\u00f1o Ricky Martin y el colombiano Sebasti\u00e1n Yatra, con quienes comienza a finales de mes una gira norteamericana, y que se mostraron sorprendidos cuando lo escucharon.<\/span><\/p>\n<p><span style=\"color: #000000;\">\u00abEl t\u00edtulo &#8216;Final&#8217; tiene mucho significado. Intento deciros que podr\u00eda ser mi \u00faltimo \u00e1lbum (&#8230;) No es algo que haya pensado los \u00faltimos meses, sino los \u00faltimos a\u00f1os\u00bb, explic\u00f3 Iglesias. \u00abNunca voy a parar de hacer m\u00fasica y escribir canciones, me encanta, pero voy a hacerlo de otra forma, no necesariamente empaquetado como un \u00e1lbum\u00bb.<\/span><\/p>\n<p><span style=\"color: #000000;\">La estrella de la m\u00fasica latina present\u00f3 hace siete a\u00f1os su \u00faltimo \u00e1lbum de estudio, \u00abSex and love\u00bb (2014) y desde entonces ha lanzado numerosas colaboraciones con otros artistas, entre ellas el reciente tema \u00abMe pas\u00e9\u00bb junto al reguetonero boricua Farruko como anticipo de este esperado nuevo disco.<\/span><\/p>\n<p><span style=\"color: #000000;\">\u00abMe siento bien por (el disco), he estado trabajando en \u00e9l durante un tiempo, me lleva una eternidad hacer \u00e1lbumes. Estoy muy emocionado\u00bb, se sincer\u00f3 Iglesias durante la charla mientras los vocalistas respond\u00edan a una serie de preguntas enviadas por los fans.<\/span><\/p>\n<p><span style=\"color: #000000;\">El autor de \u00e9xitos como \u00abBailamos\u00bb o \u00abHero\u00bb asegur\u00f3 que \u00abdesde 2015\u00bb ha estado pensando en una especie de retirada musical como la que anunci\u00f3 hoy, y por eso consider\u00f3 que la gira compartida, que comienza el 25 de septiembre en Las Vegas y recorrer\u00e1 Estados Unidos y Canad\u00e1, va a ser \u00abespecial\u00bb.<\/span><\/p>\n<p><iframe title=\"YouTube video player\" src=\"https:\/\/www.youtube-nocookie.com\/embed\/fXWiKQeOdUY?controls=0\" width=\"520\" height=\"315\" frameborder=\"0\" allowfullscreen=\"allowfullscreen\"><span data-mce-type=\"bookmark\" style=\"display: inline-block; width: 0px; overflow: hidden; line-height: 0;\" class=\"mce_SELRES_start\">\ufeff<\/span><\/iframe><\/p>\n","protected":false},"excerpt":{"rendered":"<p>Lima, 05 Setiembre 2021, (ANDINA).- Enrique Iglesias anunci\u00f3 que el 17 de septiembre lanzar\u00e1 un nuevo disco llamado \u00abFinal\u00bb, el und\u00e9cimo y \u00ab\u00faltimo\u00bb de su carrera: \u00abTendr\u00e1 volumen 1 y volumen 2, pero es el \u00faltimo. Estoy en ese momento de mi vida, ese cap\u00edtulo de mi vida, que creo que es el tiempo adecuado [&hellip;]<\/p>\n","protected":false},"author":1,"featured_media":104683,"comment_status":"closed","ping_status":"closed","sticky":false,"template":"","format":"standard","meta":{"rop_custom_images_group":[],"rop_custom_messages_group":[],"rop_publish_now":"initial","rop_publish_now_accounts":[],"rop_publish_now_history":[],"rop_publish_now_status":"pending","footnotes":""},"categories":[69],"tags":[1154],"class_list":["post-104682","post","type-post","status-publish","format-standard","has-post-thumbnail","hentry","category-musica","tag-enrique-iglesias"],"_links":{"self":[{"href":"https:\/\/elinformanteperu.com\/index.php\/wp-json\/wp\/v2\/posts\/104682","targetHints":{"allow":["GET"]}}],"collection":[{"href":"https:\/\/elinformanteperu.com\/index.php\/wp-json\/wp\/v2\/posts"}],"about":[{"href":"https:\/\/elinformanteperu.com\/index.php\/wp-json\/wp\/v2\/types\/post"}],"author":[{"embeddable":true,"href":"https:\/\/elinformanteperu.com\/index.php\/wp-json\/wp\/v2\/users\/1"}],"replies":[{"embeddable":true,"href":"https:\/\/elinformanteperu.com\/index.php\/wp-json\/wp\/v2\/comments?post=104682"}],"version-history":[{"count":1,"href":"https:\/\/elinformanteperu.com\/index.php\/wp-json\/wp\/v2\/posts\/104682\/revisions"}],"predecessor-version":[{"id":104684,"href":"https:\/\/elinformanteperu.com\/index.php\/wp-json\/wp\/v2\/posts\/104682\/revisions\/104684"}],"wp:featuredmedia":[{"embeddable":true,"href":"https:\/\/elinformanteperu.com\/index.php\/wp-json\/wp\/v2\/media\/104683"}],"wp:attachment":[{"href":"https:\/\/elinformanteperu.com\/index.php\/wp-json\/wp\/v2\/media?parent=104682"}],"wp:term":[{"taxonomy":"category","embeddable":true,"href":"https:\/\/elinformanteperu.com\/index.php\/wp-json\/wp\/v2\/categories?post=104682"},{"taxonomy":"post_tag","embeddable":true,"href":"https:\/\/elinformanteperu.com\/index.php\/wp-json\/wp\/v2\/tags?post=104682"}],"curies":[{"name":"wp","href":"https:\/\/api.w.org\/{rel}","templated":true}]}}