{"id":104510,"date":"2021-09-01T22:50:54","date_gmt":"2021-09-02T03:50:54","guid":{"rendered":"https:\/\/elinformanteperu.com\/?p=104510"},"modified":"2021-09-01T22:50:54","modified_gmt":"2021-09-02T03:50:54","slug":"villa-el-salvador-sentencian-a-cadena-perpetua-a-imputado-que-abuso-de-su-sobrino","status":"publish","type":"post","link":"https:\/\/elinformanteperu.com\/index.php\/2021\/09\/01\/villa-el-salvador-sentencian-a-cadena-perpetua-a-imputado-que-abuso-de-su-sobrino\/","title":{"rendered":"Villa El Salvador: sentencian a cadena perpetua a imputado que abus\u00f3 de su sobrino"},"content":{"rendered":"<p><strong><span style=\"color: #000000;\">Fue en el 2014, cuando el menor ten\u00eda 7 a\u00f1os<\/span><\/strong><\/p>\n<p><span style=\"color: #000000;\"><strong>Lima, 01 Setiembre 2021, (ANDINA).-<\/strong> El Ministerio P\u00fablico consigui\u00f3 que se condene a cadena perpetua a un acusado de haber agredido sexualmente a su sobrino de 7 a\u00f1os en el a\u00f1o 2014.<\/span><\/p>\n<p><span style=\"color: #000000;\">Fue la Primera Fiscal\u00eda Superior Penal del Distrito Fiscal de Lima Sur, a cargo de la fiscal superior Norma Doris \u00c1lamo Mart\u00ednez, que consigui\u00f3 la pena.<\/span><\/p>\n<p><span style=\"color: #000000;\">El fallo fue logrado por el fiscal adjunto superior Hugo Ra\u00fal Villasis Rojas, al probar en el juicio que, en el 2014, el menor agraviado, entonces de 7 a\u00f1os, fue v\u00edctima de violaci\u00f3n sexual de parte de su t\u00edo materno, que viv\u00eda en el mismo domicilio, en el Grupo 7 del Distrito de Villa El Salvador.<\/span><\/p>\n<p><span style=\"color: #000000;\">De la investigaci\u00f3n se conoce, que el sentenciado condujo a la v\u00edctima a la fuerza hasta su habitaci\u00f3n y cometi\u00f3 el abuso sexual, mientras amenazaba al menor para que no cuente lo sucedido a sus padres, temor infundido que le que permiti\u00f3 cometer el delito hasta en tres oportunidades.<\/span><\/p>\n<p><span style=\"color: #000000;\">EI Ministerio P\u00fablico alcanz\u00f3 la sentencia que condena al imputado, a cadena perpetua y al pago de veinte mil soles por concepto de reparaci\u00f3n civil, que deber\u00e1 abonar a favor del agraviado.<\/span><\/p>\n","protected":false},"excerpt":{"rendered":"<p>Fue en el 2014, cuando el menor ten\u00eda 7 a\u00f1os Lima, 01 Setiembre 2021, (ANDINA).- El Ministerio P\u00fablico consigui\u00f3 que se condene a cadena perpetua a un acusado de haber agredido sexualmente a su sobrino de 7 a\u00f1os en el a\u00f1o 2014. Fue la Primera Fiscal\u00eda Superior Penal del Distrito Fiscal de Lima Sur, a [&hellip;]<\/p>\n","protected":false},"author":1,"featured_media":49143,"comment_status":"closed","ping_status":"closed","sticky":false,"template":"","format":"standard","meta":{"rop_custom_images_group":[],"rop_custom_messages_group":[],"rop_publish_now":"initial","rop_publish_now_accounts":[],"rop_publish_now_history":[],"rop_publish_now_status":"pending","footnotes":""},"categories":[10],"tags":[370,4253],"class_list":["post-104510","post","type-post","status-publish","format-standard","has-post-thumbnail","hentry","category-actualidad-municipal","tag-ministerio-publico","tag-villa-el-salvador"],"_links":{"self":[{"href":"https:\/\/elinformanteperu.com\/index.php\/wp-json\/wp\/v2\/posts\/104510","targetHints":{"allow":["GET"]}}],"collection":[{"href":"https:\/\/elinformanteperu.com\/index.php\/wp-json\/wp\/v2\/posts"}],"about":[{"href":"https:\/\/elinformanteperu.com\/index.php\/wp-json\/wp\/v2\/types\/post"}],"author":[{"embeddable":true,"href":"https:\/\/elinformanteperu.com\/index.php\/wp-json\/wp\/v2\/users\/1"}],"replies":[{"embeddable":true,"href":"https:\/\/elinformanteperu.com\/index.php\/wp-json\/wp\/v2\/comments?post=104510"}],"version-history":[{"count":1,"href":"https:\/\/elinformanteperu.com\/index.php\/wp-json\/wp\/v2\/posts\/104510\/revisions"}],"predecessor-version":[{"id":104511,"href":"https:\/\/elinformanteperu.com\/index.php\/wp-json\/wp\/v2\/posts\/104510\/revisions\/104511"}],"wp:featuredmedia":[{"embeddable":true,"href":"https:\/\/elinformanteperu.com\/index.php\/wp-json\/wp\/v2\/media\/49143"}],"wp:attachment":[{"href":"https:\/\/elinformanteperu.com\/index.php\/wp-json\/wp\/v2\/media?parent=104510"}],"wp:term":[{"taxonomy":"category","embeddable":true,"href":"https:\/\/elinformanteperu.com\/index.php\/wp-json\/wp\/v2\/categories?post=104510"},{"taxonomy":"post_tag","embeddable":true,"href":"https:\/\/elinformanteperu.com\/index.php\/wp-json\/wp\/v2\/tags?post=104510"}],"curies":[{"name":"wp","href":"https:\/\/api.w.org\/{rel}","templated":true}]}}